{"id":99521,"date":"2026-01-09T16:02:07","date_gmt":"2026-01-09T16:02:07","guid":{"rendered":"https:\/\/www.europesays.com\/lv\/99521\/"},"modified":"2026-01-09T16:02:07","modified_gmt":"2026-01-09T16:02:07","slug":"riga-notiek-protests-rokas-nost-no-venecuelas","status":"publish","type":"post","link":"https:\/\/www.europesays.com\/lv\/99521\/","title":{"rendered":"R\u012bg\u0101 notiek protests \u201cRokas nost no Venecu\u0113las\u201d"},"content":{"rendered":"<p>Protestu r\u012bko kopienas centrs \u201cMaizn\u012bca\u201d, bet informat\u012bvi atbalsta jaunie\u0161u organiz\u0101cijas \u201cProtests\u201d un \u201cJaunie Eiropas feder\u0101listi\u201d. Pas\u0101kuma iniciatori uzsver, ka konsekventi nosoda Venecu\u0113las prezidenta Nikolasa Maduro re\u017e\u012bma sistem\u0101tiskos cilv\u0113kties\u012bbu p\u0101rk\u0101pumus un demokr\u0101tijas grau\u0161anu, ta\u010du vienlaikus uzskata, ka \u0161ie noziegumi neattaisno \u201crupjus starptautisko ties\u012bbu p\u0101rk\u0101pumus no NATO valsts puses, taj\u0101 skait\u0101, milit\u0101ru r\u012bc\u012bbu un aiztur\u0113\u0161anu bez atbilsto\u0161a starptautiska pilnvarojuma\u201d.<\/p>\n<p>R\u012bgas dom\u0113 inform\u0113ja, ka protesta pas\u0101kums pret ASV iebrukumu Venecu\u0113l\u0101 un Nikolasa Maduro apcietin\u0101\u0161anu pieteikts likum\u0101 noteikt\u0101 k\u0101rt\u012bb\u0101. Pl\u0101nots, ka taj\u0101 piedal\u012bsies 100 dal\u012bbnieki.<\/p>\n<p>Venecu\u0113las prezidents Maduro un vi\u0146a sieva sestdien tika sag\u016bst\u012bti ASV milit\u0101r\u0101 oper\u0101cij\u0101 un nog\u0101d\u0101ti \u0145ujork\u0101, kur vi\u0146us sol\u012bts ties\u0101t saist\u012bb\u0101 ar krimin\u0101laps\u016bdz\u012bb\u0101m par narkotiku nog\u0101d\u0101\u0161anu uz ASV.<\/p>\n","protected":false},"excerpt":{"rendered":"Protestu r\u012bko kopienas centrs \u201cMaizn\u012bca\u201d, bet informat\u012bvi atbalsta jaunie\u0161u organiz\u0101cijas \u201cProtests\u201d un \u201cJaunie Eiropas feder\u0101listi\u201d. Pas\u0101kuma iniciatori uzsver,&hellip;\n","protected":false},"author":2,"featured_media":99522,"comment_status":"","ping_status":"","sticky":false,"template":"","format":"standard","meta":{"footnotes":""},"categories":[12],"tags":[23,28,29,32,33,22,30,31,35,39,38,36,37,34,40,18102,20,26,27,172,687,24,25,358,21],"class_list":{"0":"post-99521","1":"post","2":"type-post","3":"status-publish","4":"format-standard","5":"has-post-thumbnail","7":"category-latvija","8":"tag-aktualitates","9":"tag-breaking-news","10":"tag-breakingnews","11":"tag-featured-news","12":"tag-featurednews","13":"tag-headlines","14":"tag-latest-news","15":"tag-latestnews","16":"tag-latvia","17":"tag-latvian","18":"tag-latviesu","19":"tag-latviesu-valoda","20":"tag-latviesuvaloda","21":"tag-latvija","22":"tag-lv","23":"tag-maiznica","24":"tag-news","25":"tag-popularakas-zinas","26":"tag-popularakaszinas","27":"tag-riga","28":"tag-rigas-dome","29":"tag-top-stories","30":"tag-topstories","31":"tag-venecuela","32":"tag-zinas"},"share_on_mastodon":{"url":"https:\/\/pubeurope.com\/@lv\/115865986197512038","error":""},"_links":{"self":[{"href":"https:\/\/www.europesays.com\/lv\/wp-json\/wp\/v2\/posts\/99521","targetHints":{"allow":["GET"]}}],"collection":[{"href":"https:\/\/www.europesays.com\/lv\/wp-json\/wp\/v2\/posts"}],"about":[{"href":"https:\/\/www.europesays.com\/lv\/wp-json\/wp\/v2\/types\/post"}],"author":[{"embeddable":true,"href":"https:\/\/www.europesays.com\/lv\/wp-json\/wp\/v2\/users\/2"}],"replies":[{"embeddable":true,"href":"https:\/\/www.europesays.com\/lv\/wp-json\/wp\/v2\/comments?post=99521"}],"version-history":[{"count":0,"href":"https:\/\/www.europesays.com\/lv\/wp-json\/wp\/v2\/posts\/99521\/revisions"}],"wp:featuredmedia":[{"embeddable":true,"href":"https:\/\/www.europesays.com\/lv\/wp-json\/wp\/v2\/media\/99522"}],"wp:attachment":[{"href":"https:\/\/www.europesays.com\/lv\/wp-json\/wp\/v2\/media?parent=99521"}],"wp:term":[{"taxonomy":"category","embeddable":true,"href":"https:\/\/www.europesays.com\/lv\/wp-json\/wp\/v2\/categories?post=99521"},{"taxonomy":"post_tag","embeddable":true,"href":"https:\/\/www.europesays.com\/lv\/wp-json\/wp\/v2\/tags?post=99521"}],"curies":[{"name":"wp","href":"https:\/\/api.w.org\/{rel}","templated":true}]}}