{"id":99530,"date":"2026-01-09T16:08:07","date_gmt":"2026-01-09T16:08:07","guid":{"rendered":"https:\/\/www.europesays.com\/lv\/99530\/"},"modified":"2026-01-09T16:08:07","modified_gmt":"2026-01-09T16:08:07","slug":"koalicijas-partijas-neredz-pamatu-silinas-demisijas-pieprasijumam-par-krievu-valodu-sabiedriskaja-medija","status":"publish","type":"post","link":"https:\/\/www.europesays.com\/lv\/99530\/","title":{"rendered":"Koal\u012bcijas partijas neredz pamatu Sili\u0146as demisijas piepras\u012bjumam par krievu valodu sabiedriskaj\u0101 medij\u0101"},"content":{"rendered":"<p>A\u0123ent\u016bra LETA jau v\u0113st\u012bja, ka NA atsaucas uz 2023. gada Nacion\u0101l\u0101s dro\u0161\u012bbas koncepciju, kur\u0101 ieteikts, ka &#8220;no 2026. gada 1. janv\u0101ra sabiedrisko mediju veidotajam saturam j\u0101b\u016bt tikai latvie\u0161u valod\u0101 un valod\u0101s, kas ir pieder\u012bgas Eiropas kult\u016brtelpai, t\u0101d\u0113j\u0101di veicinot visu Latvijas iedz\u012bvot\u0101ju pieder\u012bbu vienotai informat\u012bvajai telpai, kas ir balst\u012bta latvie\u0161u valod\u0101 un cit\u0101s Eiropas Savien\u012bbas (ES), Eiropas Ekonomikas zonas un ES kandid\u0101tvalstu valod\u0101s. Valstij p\u0101rst\u0101jot finans\u0113t saturu krievu valod\u0101, tiktu nosl\u0113gts vienotas informat\u012bv\u0101s telpas izveides process, savuk\u0101rt komerci\u0101lajos medijos saturs krievu valod\u0101 par priv\u0101tiem l\u012bdzek\u013ciem turpin\u0101tu past\u0101v\u0113t.&#8221;<\/p>\n","protected":false},"excerpt":{"rendered":"A\u0123ent\u016bra LETA jau v\u0113st\u012bja, ka NA atsaucas uz 2023. gada Nacion\u0101l\u0101s dro\u0161\u012bbas koncepciju, kur\u0101 ieteikts, ka &#8220;no 2026.&hellip;\n","protected":false},"author":2,"featured_media":99531,"comment_status":"","ping_status":"","sticky":false,"template":"","format":"standard","meta":{"footnotes":""},"categories":[12],"tags":[23,28,29,32,33,22,30,31,35,39,38,36,37,34,40,20,26,27,24,25,21],"class_list":{"0":"post-99530","1":"post","2":"type-post","3":"status-publish","4":"format-standard","5":"has-post-thumbnail","7":"category-latvija","8":"tag-aktualitates","9":"tag-breaking-news","10":"tag-breakingnews","11":"tag-featured-news","12":"tag-featurednews","13":"tag-headlines","14":"tag-latest-news","15":"tag-latestnews","16":"tag-latvia","17":"tag-latvian","18":"tag-latviesu","19":"tag-latviesu-valoda","20":"tag-latviesuvaloda","21":"tag-latvija","22":"tag-lv","23":"tag-news","24":"tag-popularakas-zinas","25":"tag-popularakaszinas","26":"tag-top-stories","27":"tag-topstories","28":"tag-zinas"},"share_on_mastodon":{"url":"https:\/\/pubeurope.com\/@lv\/115866009768504469","error":""},"_links":{"self":[{"href":"https:\/\/www.europesays.com\/lv\/wp-json\/wp\/v2\/posts\/99530","targetHints":{"allow":["GET"]}}],"collection":[{"href":"https:\/\/www.europesays.com\/lv\/wp-json\/wp\/v2\/posts"}],"about":[{"href":"https:\/\/www.europesays.com\/lv\/wp-json\/wp\/v2\/types\/post"}],"author":[{"embeddable":true,"href":"https:\/\/www.europesays.com\/lv\/wp-json\/wp\/v2\/users\/2"}],"replies":[{"embeddable":true,"href":"https:\/\/www.europesays.com\/lv\/wp-json\/wp\/v2\/comments?post=99530"}],"version-history":[{"count":0,"href":"https:\/\/www.europesays.com\/lv\/wp-json\/wp\/v2\/posts\/99530\/revisions"}],"wp:featuredmedia":[{"embeddable":true,"href":"https:\/\/www.europesays.com\/lv\/wp-json\/wp\/v2\/media\/99531"}],"wp:attachment":[{"href":"https:\/\/www.europesays.com\/lv\/wp-json\/wp\/v2\/media?parent=99530"}],"wp:term":[{"taxonomy":"category","embeddable":true,"href":"https:\/\/www.europesays.com\/lv\/wp-json\/wp\/v2\/categories?post=99530"},{"taxonomy":"post_tag","embeddable":true,"href":"https:\/\/www.europesays.com\/lv\/wp-json\/wp\/v2\/tags?post=99530"}],"curies":[{"name":"wp","href":"https:\/\/api.w.org\/{rel}","templated":true}]}}