{"id":9954,"date":"2025-10-01T18:39:20","date_gmt":"2025-10-01T18:39:20","guid":{"rendered":"https:\/\/www.europesays.com\/lv\/9954\/"},"modified":"2025-10-01T18:39:20","modified_gmt":"2025-10-01T18:39:20","slug":"aicinajums-uz-patiesumu-un-sevis-meklejumiem-lente-lv","status":"publish","type":"post","link":"https:\/\/www.europesays.com\/lv\/9954\/","title":{"rendered":"aicin\u0101jums uz patiesumu un sevis mekl\u0113jumiem\u00a0\u2014\u00a0Lente.lv"},"content":{"rendered":"<p>M\u016bzi\u0137is M\u0101rti\u0146\u0161 Kanters atkl\u0101j dzejas pasauli ar debijas kr\u0101jumu \u201cCilv\u0113c\u012bba\u201d<\/p>\n<p>Septembra beig\u0101s Latvijas literat\u016bras ainav\u0101 ien\u0101cis jauns un aizraujo\u0161s darbs \u2013 m\u016bzi\u0137is un dziesmu autors M\u0101rti\u0146\u0161 Kanters publiskojis savu ilgi gaid\u012bto debijas dzejas kr\u0101jumu \u201cCilv\u0113c\u012bba\u201d. \u0160\u012b gr\u0101mata, kas tapusi vair\u0101ku gadu garum\u0101, ir ne tikai jauns posms Kantera daudzpus\u012bgaj\u0101 rado\u0161aj\u0101 darb\u012bb\u0101, bet ar\u012b aicin\u0101jums las\u012bt\u0101jiem uz dzi\u013c\u0101m un personisk\u0101m p\u0101rdom\u0101m par sevis mekl\u0113jumiem, par cer\u012bbu un drosmi b\u016bt patiesam m\u016bsdienu dinamiskaj\u0101 pasaul\u0113.<\/p>\n<p>Kanters, kur\u0161 pla\u0161\u0101k paz\u012bstams ar saviem muzik\u0101lajiem pan\u0101kumiem, tostarp presti\u017eaj\u0101m \u201cZelta Mikrofona\u201d balv\u0101m, \u0161obr\u012bd pied\u0101v\u0101 saviem klaus\u012bt\u0101jiem un las\u012bt\u0101jiem iepaz\u012bt sevi no jaunas, liriskas un p\u0101rdomu pilnas puses. \u201cCilv\u0113c\u012bba\u201d nav tikai dzejo\u013cu kopa, bet gan r\u016bp\u012bgi veidota lirisko p\u0101rdomu virkne, kas caur Kantera juteklisko un bie\u017ei vien ironisko skat\u012bjumu atkl\u0101j m\u016bsdienu sabiedr\u012bbas norises un cilv\u0113ku savstarp\u0113j\u0101s attiec\u012bbas.<\/p>\n<blockquote><p>\u201c\u0160\u012b diena man ir \u013coti \u012bpa\u0161a. L\u012bdz \u0161im manas saj\u016btas un st\u0101sti ir dz\u012bvoju\u0161i dziesm\u0101s, bet \u201cCilv\u0113c\u012bba\u201d ir kas cits &#8211; tie ir v\u0101rdi, kuriem bija nepiecie\u0161ams pap\u012brs un klusums,\u201d st\u0101sta M\u0101rti\u0146\u0161 Kanters. \u201cNodot gr\u0101matu las\u012bt\u0101ju rok\u0101s ir milz\u012bgs satraukums un prieks. Ceru, ka katrs taj\u0101 atrad\u012bs k\u0101du rindu, kas uzrun\u0101, liek pasmaid\u012bt vai aizdom\u0101ties.\u201d<\/p><\/blockquote>\n<p>Rado\u0161\u0101 transform\u0101cija: no m\u016bzikas uz dzeju<\/p>\n<p>M\u0101rti\u0146a Kantera p\u0101reja no dziesmu rakst\u012b\u0161anas uz dzejas kr\u0101juma veido\u0161anu ir dabisks rado\u0161\u0101s evol\u016bcijas solis. Ja dziesmu pasaul\u0113 bie\u017ei vien n\u0101kas pak\u0101rtoties ritmam un melodijas pl\u016bdumam, tad dzej\u0101 Kanters var \u013cauties br\u012bv\u0101kai domu un emociju izpausmei, mekl\u0113jot prec\u012bz\u0101kus v\u0101rdus un izteiksmes l\u012bdzek\u013cus. \u0160\u012b jaun\u0101 forma \u013cauj m\u0101ksliniekam veidot v\u0113l cie\u0161\u0101ku saikni ar las\u012bt\u0101ju, aicinot vi\u0146u ne tikai klaus\u012bties, bet ar\u012b izjust v\u0101rdu dzi\u013cumu un noz\u012bmi. Kr\u0101jums tiek raksturots k\u0101 m\u0113\u0123in\u0101jums apst\u0101ties m\u016bsdienu pasaules steigas un inform\u0101cijas trok\u0161\u0146a vid\u016b, pied\u0101v\u0101jot mierpilnu telpu p\u0101rdom\u0101m.<\/p>\n<p>Darbs pie \u201cCilv\u0113c\u012bbas\u201d ir tapis vair\u0101ku gadu garum\u0101, un tas iez\u012bm\u0113 jaunu, personisku lappusi Kantera dai\u013crad\u0113. Gr\u0101mata aicina uz atkl\u0101tu dialogu par to, ko noz\u012bm\u0113 b\u016bt cilv\u0113kam m\u016bsdien\u0101s \u2013 ar vis\u0101m t\u0101 kaisl\u012bb\u0101m, \u0161aub\u0101m, priekiem un s\u0101p\u0113m. Kantera dzejas caurvij t\u0113mas, kas mudina piev\u0113rsties savai iek\u0161\u0113jai pasaulei, mekl\u0113t drosmi b\u016bt autentiskam un savlaic\u012bgi izdar\u012bt pa\u0161kritisku anal\u012bzi.<\/p>\n<p>\u201cCilv\u0113c\u012bba\u201d \u2013 ne tikai gr\u0101mata, bet ar\u012b ce\u013cvedis<\/p>\n<p>Kr\u0101juma nosaukums \u201cCilv\u0113c\u012bba\u201d ir \u013coti z\u012bm\u012bgs, nor\u0101dot uz galveno t\u0113mu \u2013 cilv\u0113ka b\u016bt\u012bbas izpratni un att\u012bst\u012bbu. T\u0101 ir k\u0101 atspulgs, kas atkl\u0101j gan autora iek\u0161\u0113jo pasauli, gan ar\u012b kolekt\u012bv\u0101s cilv\u0113cisk\u0101s pieredzes. \u0160is darbs sniedz iesp\u0113ju ieskat\u012bties aiz ikdieni\u0161\u0137\u0101s rut\u012bnas un uzdot svar\u012bgus jaut\u0101jumus par eksistenci\u0101lajiem mekl\u0113jumiem m\u016bsdienu sabiedr\u012bb\u0101.<\/p>\n<p>Gr\u0101matas izn\u0101k\u0161anu papildina ar\u012b M\u0101rti\u0146a Kantera pl\u0101not\u0101 akustisk\u0101 koncertt\u016bre \u201cCilv\u0113c\u012bba. Dziesmas un dzeja\u201d, kas paredz\u0113ta oktobr\u012b. \u0160\u012b t\u016bre pied\u0101v\u0101s \u012bpa\u0161u tik\u0161anos ar klaus\u012bt\u0101jiem \u010detr\u0101s Latvijas pils\u0113t\u0101s, kur jaun\u0101 dzeja sav\u012bsies ar M\u0101rti\u0146a popul\u0101r\u0101kajiem hitiem, radot unik\u0101lu muzik\u0101li po\u0113tisku baud\u012bjumu jaun\u0101, akustisk\u0101 skan\u0113jum\u0101. Koncertu apmekl\u0113t\u0101jiem b\u016bs ar\u012b iesp\u0113ja ieg\u0101d\u0101ties jauno gr\u0101matu ar autora autogr\u0101fu, padarot \u0161o pieredzi v\u0113l personisk\u0101ku.<\/p>\n<p>M\u0101rti\u0146a Kantera debijas dzejas kr\u0101jums \u201cCilv\u0113c\u012bba\u201d ir noz\u012bm\u012bgs notikums Latvijas kult\u016bras dz\u012bv\u0113, apliecinot m\u0101kslinieka sp\u0113ju un v\u0113lmi izpausties da\u017e\u0101dos rado\u0161os medijos. Tas ir aicin\u0101jums uz patiesumu, sevis mekl\u0113jumiem un drosmi b\u016bt autentiskam pasaul\u0113, kas bie\u017ei vien mudina sl\u0113pt savas paties\u0101s j\u016btas aiz mask\u0101m. Kantera v\u0101rdi aicina las\u012bt\u0101jus apst\u0101ties, elpot un mekl\u0113t dzi\u013c\u0101ku izpratni par sevi un apk\u0101rt\u0113jo pasauli.<\/p>\n","protected":false},"excerpt":{"rendered":"M\u016bzi\u0137is M\u0101rti\u0146\u0161 Kanters atkl\u0101j dzejas pasauli ar debijas kr\u0101jumu \u201cCilv\u0113c\u012bba\u201d Septembra beig\u0101s Latvijas literat\u016bras ainav\u0101 ien\u0101cis jauns un&hellip;\n","protected":false},"author":2,"featured_media":9955,"comment_status":"","ping_status":"","sticky":false,"template":"","format":"standard","meta":{"footnotes":""},"categories":[19],"tags":[3632,3829,3633,89,90,35,39,38,3634,36,37,34,40,2612],"class_list":{"0":"post-9954","1":"post","2":"type-post","3":"status-publish","4":"format-standard","5":"has-post-thumbnail","7":"category-izklaide","8":"tag-cilveciba","9":"tag-debijas-dzeja","10":"tag-dzejas-krajums","11":"tag-entertainment","12":"tag-izklaide","13":"tag-latvia","14":"tag-latvian","15":"tag-latviesu","16":"tag-latviesu-literatura","17":"tag-latviesu-valoda","18":"tag-latviesuvaloda","19":"tag-latvija","20":"tag-lv","21":"tag-martins-kanters"},"share_on_mastodon":{"url":"","error":""},"_links":{"self":[{"href":"https:\/\/www.europesays.com\/lv\/wp-json\/wp\/v2\/posts\/9954","targetHints":{"allow":["GET"]}}],"collection":[{"href":"https:\/\/www.europesays.com\/lv\/wp-json\/wp\/v2\/posts"}],"about":[{"href":"https:\/\/www.europesays.com\/lv\/wp-json\/wp\/v2\/types\/post"}],"author":[{"embeddable":true,"href":"https:\/\/www.europesays.com\/lv\/wp-json\/wp\/v2\/users\/2"}],"replies":[{"embeddable":true,"href":"https:\/\/www.europesays.com\/lv\/wp-json\/wp\/v2\/comments?post=9954"}],"version-history":[{"count":0,"href":"https:\/\/www.europesays.com\/lv\/wp-json\/wp\/v2\/posts\/9954\/revisions"}],"wp:featuredmedia":[{"embeddable":true,"href":"https:\/\/www.europesays.com\/lv\/wp-json\/wp\/v2\/media\/9955"}],"wp:attachment":[{"href":"https:\/\/www.europesays.com\/lv\/wp-json\/wp\/v2\/media?parent=9954"}],"wp:term":[{"taxonomy":"category","embeddable":true,"href":"https:\/\/www.europesays.com\/lv\/wp-json\/wp\/v2\/categories?post=9954"},{"taxonomy":"post_tag","embeddable":true,"href":"https:\/\/www.europesays.com\/lv\/wp-json\/wp\/v2\/tags?post=9954"}],"curies":[{"name":"wp","href":"https:\/\/api.w.org\/{rel}","templated":true}]}}