{"id":99542,"date":"2026-01-09T16:17:10","date_gmt":"2026-01-09T16:17:10","guid":{"rendered":"https:\/\/www.europesays.com\/lv\/99542\/"},"modified":"2026-01-09T16:17:10","modified_gmt":"2026-01-09T16:17:10","slug":"valmieras-nedienas-turpinas-piespriests-jauns-speletaju-registracijas-aizliegums","status":"publish","type":"post","link":"https:\/\/www.europesays.com\/lv\/99542\/","title":{"rendered":"\u201cValmieras\u201d nedienas turpin\u0101s \u2013 piespriests jauns sp\u0113l\u0113t\u0101ju re\u0123istr\u0101cijas aizliegums"},"content":{"rendered":"<p>LFF Disciplin\u0101rlietu komiteja vienbals\u012bgi l\u0113ma \u201cValmierai\u201d piem\u0113rot jaunu sp\u0113l\u0113t\u0101ju re\u0123istr\u0101cijas aizliegumu, kas attiecas gan uz viet\u0113j\u0101m, gan, pamatojoties uz iepriek\u0161min\u0113to FIFA l\u0113mumu, starptautiskaj\u0101m p\u0101rej\u0101m.<\/p>\n<p>Aizliegums re\u0123istr\u0113t jaunus sp\u0113l\u0113t\u0101jus tiek atcelts, kad \u201cValmiera\u201d izpild\u012bs iepriek\u0161min\u0113to FIFA l\u0113mumu piln\u0101 apm\u0113r\u0101, un tiks sa\u0146emts attiec\u012bgs FIFA apstiprin\u0101jums.<\/p>\n<p>\u201cValmierai\u201d jaunu sp\u0113l\u0113t\u0101ju re\u0123istr\u0113\u0161ana tika liegta ar\u012b 2024. gada sezonas izska\u0146\u0101, aizliegumu atce\u013cot vien 2025. gada apr\u012bl\u012b.<\/p>\n<p>Finansi\u0101lo saist\u012bbu nenok\u0101rto\u0161anas un par\u0101du d\u0113\u013c \u201cValmiera\u201d, kas 2024. gada sezon\u0101 v\u0113l sp\u0113l\u0113ja Virsl\u012bg\u0101, pag\u0101ju\u0161aj\u0101 sezon\u0101 tika pielaista Latvijas p\u0113c sp\u0113ka tre\u0161\u0101s l\u012bgas sacens\u012bb\u0101m.<\/p>\n<p class=\"tv3-fw-500\">Zi\u0146o par k\u013c\u016bdu rakst\u0101<\/p>\n<p class=\"d-md-block d-none\">Iez\u012bm\u0113 k\u013c\u016bdaino tekstu un spied Ctrl+Enter.<\/p>\n<p class=\"d-md-none d-block\">Iez\u012bm\u0113 k\u013c\u016bdaino tekstu un zi\u0146o par to!<\/p>\n","protected":false},"excerpt":{"rendered":"LFF Disciplin\u0101rlietu komiteja vienbals\u012bgi l\u0113ma \u201cValmierai\u201d piem\u0113rot jaunu sp\u0113l\u0113t\u0101ju re\u0123istr\u0101cijas aizliegumu, kas attiecas gan uz viet\u0113j\u0101m, gan, pamatojoties&hellip;\n","protected":false},"author":2,"featured_media":99543,"comment_status":"","ping_status":"","sticky":false,"template":"","format":"standard","meta":{"footnotes":""},"categories":[17],"tags":[24320,35,39,38,36,37,34,40,67],"class_list":{"0":"post-99542","1":"post","2":"type-post","3":"status-publish","4":"format-standard","5":"has-post-thumbnail","7":"category-sports","8":"tag-fc-valmieralatvijas-futbola-federacija","9":"tag-latvia","10":"tag-latvian","11":"tag-latviesu","12":"tag-latviesu-valoda","13":"tag-latviesuvaloda","14":"tag-latvija","15":"tag-lv","16":"tag-sports"},"share_on_mastodon":{"url":"https:\/\/pubeurope.com\/@lv\/115866045159699844","error":""},"_links":{"self":[{"href":"https:\/\/www.europesays.com\/lv\/wp-json\/wp\/v2\/posts\/99542","targetHints":{"allow":["GET"]}}],"collection":[{"href":"https:\/\/www.europesays.com\/lv\/wp-json\/wp\/v2\/posts"}],"about":[{"href":"https:\/\/www.europesays.com\/lv\/wp-json\/wp\/v2\/types\/post"}],"author":[{"embeddable":true,"href":"https:\/\/www.europesays.com\/lv\/wp-json\/wp\/v2\/users\/2"}],"replies":[{"embeddable":true,"href":"https:\/\/www.europesays.com\/lv\/wp-json\/wp\/v2\/comments?post=99542"}],"version-history":[{"count":0,"href":"https:\/\/www.europesays.com\/lv\/wp-json\/wp\/v2\/posts\/99542\/revisions"}],"wp:featuredmedia":[{"embeddable":true,"href":"https:\/\/www.europesays.com\/lv\/wp-json\/wp\/v2\/media\/99543"}],"wp:attachment":[{"href":"https:\/\/www.europesays.com\/lv\/wp-json\/wp\/v2\/media?parent=99542"}],"wp:term":[{"taxonomy":"category","embeddable":true,"href":"https:\/\/www.europesays.com\/lv\/wp-json\/wp\/v2\/categories?post=99542"},{"taxonomy":"post_tag","embeddable":true,"href":"https:\/\/www.europesays.com\/lv\/wp-json\/wp\/v2\/tags?post=99542"}],"curies":[{"name":"wp","href":"https:\/\/api.w.org\/{rel}","templated":true}]}}