{"id":99556,"date":"2026-01-09T16:35:24","date_gmt":"2026-01-09T16:35:24","guid":{"rendered":"https:\/\/www.europesays.com\/lv\/99556\/"},"modified":"2026-01-09T16:35:24","modified_gmt":"2026-01-09T16:35:24","slug":"latvijas-u-19-florbola-izlase-gatavojas-pasaules-cempionatam-italija-ar-treninnometni-kocenos-lente-lv","status":"publish","type":"post","link":"https:\/\/www.europesays.com\/lv\/99556\/","title":{"rendered":"Latvijas U-19 florbola izlase gatavojas Pasaules \u010dempion\u0101tam It\u0101lij\u0101 ar treni\u0146nometni Koc\u0113nos\u00a0\u2014\u00a0Lente.lv"},"content":{"rendered":"<p>Svar\u012bgs sagatavo\u0161an\u0101s posms<\/p>\n<p>Latvijas sievie\u0161u U-19 florbola izlase 3. un 4. janv\u0101r\u012b Koc\u0113nu sporta nam\u0101 aizvad\u012bja divu dienu treni\u0146nometni. \u0160is pas\u0101kums bija da\u013ca no komandas sagatavo\u0161an\u0101s procesa 2026. gada Pasaules junioru \u010dempion\u0101ta fin\u0101lturn\u012bram, kas notiks no 6. l\u012bdz 10. maijam It\u0101lij\u0101, pils\u0113t\u0101s Lignano Sabbiadoro un Latizana.<\/p>\n<p>Galven\u0101 trenera izraudz\u012bt\u0101s kandid\u0101tes<\/p>\n<p>Valstsvien\u012bbas galven\u0101 trenere Linda L\u012bce uz nometni bija uzaicin\u0101jusi 28 jaun\u0101s florbolistes. Visas izsaukt\u0101s sp\u0113l\u0113t\u0101jas p\u0101rst\u0101v Latvijas \u010dempion\u0101ta komandas. Viskupl\u0101k p\u0101rst\u0101v\u0113tie klubi ir Koc\u0113nu \u201cRubene\u201d un C\u0113su \u201cLekrings\u201d, no kuriem katr\u0101 iek\u013cuva pa se\u0161\u0101m kandid\u0101t\u0113m.<\/p>\n<p>M\u0113r\u0137is \u2013 atg\u016bt vietu A div\u012bzij\u0101<\/p>\n<p>Latvijas U-19 izlasei \u0161is \u010dempion\u0101ts ir \u012bpa\u0161i noz\u012bm\u012bgs, jo iepriek\u0161\u0113j\u0101 Pasaules \u010dempion\u0101t\u0101 Somij\u0101 komanda ie\u0146\u0113ma 9. vietu un zaud\u0113ja vietu A div\u012bzij\u0101. Galvenais m\u0113r\u0137is \u0161aj\u0101 cikl\u0101 ir atg\u016bt zaud\u0113to poz\u012bciju elites grup\u0101.<\/p>\n<p>Klubu p\u0101rst\u0101vniec\u012bba<\/p>\n<p>Tr\u012bs florbolistes uz nometni tika izsauktas no \u201cR\u012bgas Lauv\u0101m\u201d, \u201cIrlava\/Tukuma\u201d, \u201cSK Slampe\/Zevid\u201d un R\u012bgas \u201cNND\/RJTC\u201d organiz\u0101cij\u0101m. Divas sp\u0113l\u0113t\u0101jas p\u0101rst\u0101v \u201cFK \u0136ekava\/Latvijas mediji\u201d klubu, bet pa vienai florbolistei ir no \u201cBab\u012bte SK\u201d un \u201c\u0136ekavas Bulldogs\u201d.<\/p>\n<p>Komandas vad\u012bba un turpm\u0101kie so\u013ci<\/p>\n<p>Par izlases galveno treneri str\u0101d\u0101 Linda L\u012bce. Komandu v\u0113l p\u0101rst\u0101v treneris Juris Zilberts, fizisk\u0101s sagatavot\u012bbas treneris Kaspars Reikmanis, medi\u0137es Lilita Lazdi\u0146a un Iveta B\u0113rzi\u0146a, fizioterapeits M\u0101rcis Hun\u010daks, ekip\u0113juma mened\u017eeris Arsenijs Potapovs un izlases mened\u017eere Dace Griz\u0101ne. Detaliz\u0113ts kandid\u0101\u0161u saraksts ar p\u0101rst\u0101v\u0113tajiem klubiem ir pieejams Latvijas Florbola savien\u012bbas m\u0101jaslap\u0101.<\/p>\n","protected":false},"excerpt":{"rendered":"Svar\u012bgs sagatavo\u0161an\u0101s posms Latvijas sievie\u0161u U-19 florbola izlase 3. un 4. janv\u0101r\u012b Koc\u0113nu sporta nam\u0101 aizvad\u012bja divu dienu&hellip;\n","protected":false},"author":2,"featured_media":99557,"comment_status":"","ping_status":"","sticky":false,"template":"","format":"standard","meta":{"footnotes":""},"categories":[17],"tags":[283,24047,35,39,38,36,37,34,24325,24326,40,844,67],"class_list":{"0":"post-99556","1":"post","2":"type-post","3":"status-publish","4":"format-standard","5":"has-post-thumbnail","7":"category-sports","8":"tag-florbols","9":"tag-koceni","10":"tag-latvia","11":"tag-latvian","12":"tag-latviesu","13":"tag-latviesu-valoda","14":"tag-latviesuvaloda","15":"tag-latvija","16":"tag-latvijas-u-19-izlase","17":"tag-linda-lice","18":"tag-lv","19":"tag-pasaules-cempionats","20":"tag-sports"},"share_on_mastodon":{"url":"https:\/\/pubeurope.com\/@lv\/115866115977648059","error":""},"_links":{"self":[{"href":"https:\/\/www.europesays.com\/lv\/wp-json\/wp\/v2\/posts\/99556","targetHints":{"allow":["GET"]}}],"collection":[{"href":"https:\/\/www.europesays.com\/lv\/wp-json\/wp\/v2\/posts"}],"about":[{"href":"https:\/\/www.europesays.com\/lv\/wp-json\/wp\/v2\/types\/post"}],"author":[{"embeddable":true,"href":"https:\/\/www.europesays.com\/lv\/wp-json\/wp\/v2\/users\/2"}],"replies":[{"embeddable":true,"href":"https:\/\/www.europesays.com\/lv\/wp-json\/wp\/v2\/comments?post=99556"}],"version-history":[{"count":0,"href":"https:\/\/www.europesays.com\/lv\/wp-json\/wp\/v2\/posts\/99556\/revisions"}],"wp:featuredmedia":[{"embeddable":true,"href":"https:\/\/www.europesays.com\/lv\/wp-json\/wp\/v2\/media\/99557"}],"wp:attachment":[{"href":"https:\/\/www.europesays.com\/lv\/wp-json\/wp\/v2\/media?parent=99556"}],"wp:term":[{"taxonomy":"category","embeddable":true,"href":"https:\/\/www.europesays.com\/lv\/wp-json\/wp\/v2\/categories?post=99556"},{"taxonomy":"post_tag","embeddable":true,"href":"https:\/\/www.europesays.com\/lv\/wp-json\/wp\/v2\/tags?post=99556"}],"curies":[{"name":"wp","href":"https:\/\/api.w.org\/{rel}","templated":true}]}}