{"id":99563,"date":"2026-01-09T16:49:13","date_gmt":"2026-01-09T16:49:13","guid":{"rendered":"https:\/\/www.europesays.com\/lv\/99563\/"},"modified":"2026-01-09T16:49:13","modified_gmt":"2026-01-09T16:49:13","slug":"foto-%e2%9f%a9-riga-notiek-protests-rokas-nost-no-venecuelas","status":"publish","type":"post","link":"https:\/\/www.europesays.com\/lv\/99563\/","title":{"rendered":"FOTO \u27e9 R\u012bg\u0101 notiek protests \u201cRokas nost no Venecu\u0113las\u201d"},"content":{"rendered":"<p>Dal\u012bbnieki protest\u0101 ieradu\u0161ies ar Venecu\u0113las, Latvijas, Eiropas Savien\u012bbas un Ukrainas karogiem.<\/p>\n<p>San\u0101ku\u0161ie skand\u0113ja da\u017e\u0101dus sauk\u013cus, piem\u0113ram, \u201cRokas nost no Venecu\u0113las!\u201d, \u201cPrezident, sa\u0146emies, savu lomu atceries!\u201d, \u201cASV koloniz\u0113, Eiropa ignor\u0113!\u201d.<\/p>\n<p>Protesta dal\u012bbniekiem rok\u0101s ir plak\u0101ti, kuri v\u0113sta: \u201cN\u0113 Maduro, n\u0113 Tramps!\u201d, \u201cKur ir starptautisk\u0101s ties\u012bbas?\u201d, \u201cKur\u0161 b\u016bs n\u0101kamais? Kolumbija? Grenlande?\u201d.<\/p>\n<p>A\u0123ent\u016bra LETA nov\u0113roja, ka protesta dal\u012bbniekus turpat v\u0113ro ar\u012b cilv\u0113ki ar ASV un Latvijas karogiem.<\/p>\n<p>Par dro\u0161\u012bbu protesta viet\u0101 r\u016bp\u0113j\u0101s likumsargi.<\/p>\n<p>Protestu r\u012bkoja kopienas centrs \u201cMaizn\u012bca\u201d, bet informat\u012bvi atbalst\u012bja jaunie\u0161u organiz\u0101cijas \u201cProtests\u201d un \u201cJaunie Eiropas feder\u0101listi\u201d.<\/p>\n<p>Pas\u0101kuma iniciatori uzsver, ka konsekventi nosoda Venecu\u0113las prezidenta Nikolasa Maduro re\u017e\u012bma sistem\u0101tiskos cilv\u0113kties\u012bbu p\u0101rk\u0101pumus un demokr\u0101tijas grau\u0161anu, ta\u010du vienlaikus uzskata, ka \u0161ie noziegumi neattaisno \u201crupjus starptautisko ties\u012bbu p\u0101rk\u0101pumus no NATO valsts puses, taj\u0101 skait\u0101, milit\u0101ru r\u012bc\u012bbu un aiztur\u0113\u0161anu bez atbilsto\u0161a starptautiska pilnvarojuma\u201d.<\/p>\n<p>R\u012bgas dom\u0113 inform\u0113ja, ka protesta pas\u0101kums pret ASV iebrukumu Venecu\u0113l\u0101 un Nikolasa Maduro apcietin\u0101\u0161anu pieteikts likum\u0101 noteikt\u0101 k\u0101rt\u012bb\u0101. Pl\u0101nots, ka taj\u0101 piedal\u012bsies 100 dal\u012bbnieki.<\/p>\n<p>Venecu\u0113las prezidents Maduro un vi\u0146a sieva sestdien tika sag\u016bst\u012bti ASV milit\u0101r\u0101 oper\u0101cij\u0101 un nog\u0101d\u0101ti \u0145ujork\u0101, kur vi\u0146us sol\u012bts ties\u0101t saist\u012bb\u0101 ar krimin\u0101laps\u016bdz\u012bb\u0101m par narkotiku nog\u0101d\u0101\u0161anu uz ASV.<\/p>\n","protected":false},"excerpt":{"rendered":"Dal\u012bbnieki protest\u0101 ieradu\u0161ies ar Venecu\u0113las, Latvijas, Eiropas Savien\u012bbas un Ukrainas karogiem. San\u0101ku\u0161ie skand\u0113ja da\u017e\u0101dus sauk\u013cus, piem\u0113ram, \u201cRokas nost&hellip;\n","protected":false},"author":2,"featured_media":99522,"comment_status":"","ping_status":"","sticky":false,"template":"","format":"standard","meta":{"footnotes":""},"categories":[14],"tags":[23,57,28,29,32,33,22,30,31,35,39,38,36,37,34,40,18102,20,26,27,172,687,24,25,358,54,55,56,21,58],"class_list":{"0":"post-99563","1":"post","2":"type-post","3":"status-publish","4":"format-standard","5":"has-post-thumbnail","7":"category-zinas-no-arvalstim","8":"tag-aktualitates","9":"tag-arvalstim","10":"tag-breaking-news","11":"tag-breakingnews","12":"tag-featured-news","13":"tag-featurednews","14":"tag-headlines","15":"tag-latest-news","16":"tag-latestnews","17":"tag-latvia","18":"tag-latvian","19":"tag-latviesu","20":"tag-latviesu-valoda","21":"tag-latviesuvaloda","22":"tag-latvija","23":"tag-lv","24":"tag-maiznica","25":"tag-news","26":"tag-popularakas-zinas","27":"tag-popularakaszinas","28":"tag-riga","29":"tag-rigas-dome","30":"tag-top-stories","31":"tag-topstories","32":"tag-venecuela","33":"tag-world","34":"tag-world-news","35":"tag-worldnews","36":"tag-zinas","37":"tag-zinas-no-arvalstim"},"share_on_mastodon":{"url":"https:\/\/pubeurope.com\/@lv\/115866171083909875","error":""},"_links":{"self":[{"href":"https:\/\/www.europesays.com\/lv\/wp-json\/wp\/v2\/posts\/99563","targetHints":{"allow":["GET"]}}],"collection":[{"href":"https:\/\/www.europesays.com\/lv\/wp-json\/wp\/v2\/posts"}],"about":[{"href":"https:\/\/www.europesays.com\/lv\/wp-json\/wp\/v2\/types\/post"}],"author":[{"embeddable":true,"href":"https:\/\/www.europesays.com\/lv\/wp-json\/wp\/v2\/users\/2"}],"replies":[{"embeddable":true,"href":"https:\/\/www.europesays.com\/lv\/wp-json\/wp\/v2\/comments?post=99563"}],"version-history":[{"count":0,"href":"https:\/\/www.europesays.com\/lv\/wp-json\/wp\/v2\/posts\/99563\/revisions"}],"wp:featuredmedia":[{"embeddable":true,"href":"https:\/\/www.europesays.com\/lv\/wp-json\/wp\/v2\/media\/99522"}],"wp:attachment":[{"href":"https:\/\/www.europesays.com\/lv\/wp-json\/wp\/v2\/media?parent=99563"}],"wp:term":[{"taxonomy":"category","embeddable":true,"href":"https:\/\/www.europesays.com\/lv\/wp-json\/wp\/v2\/categories?post=99563"},{"taxonomy":"post_tag","embeddable":true,"href":"https:\/\/www.europesays.com\/lv\/wp-json\/wp\/v2\/tags?post=99563"}],"curies":[{"name":"wp","href":"https:\/\/api.w.org\/{rel}","templated":true}]}}