{"id":9958,"date":"2025-10-01T18:44:17","date_gmt":"2025-10-01T18:44:17","guid":{"rendered":"https:\/\/www.europesays.com\/lv\/9958\/"},"modified":"2025-10-01T18:44:17","modified_gmt":"2025-10-01T18:44:17","slug":"knab-veic-kratisanu-rigas-centraltirgus-administracijas-eka-dienas-bizness-2","status":"publish","type":"post","link":"https:\/\/www.europesays.com\/lv\/9958\/","title":{"rendered":"KNAB veic krat\u012b\u0161anu R\u012bgas Centr\u0101ltirgus administr\u0101cijas \u0113k\u0101 :: Dienas Bizness"},"content":{"rendered":"<p class=\"text-font font-size--text-xlarge margin-3--bottom font-weight--bold padding-1--top\">Aizdom\u0101s par kuku\u013c\u0146em\u0161anu Korupcijas nov\u0113r\u0161anas un apkaro\u0161anas birojs (KNAB) veic krat\u012b\u0161anu R\u012bgas Centr\u0101ltirgus administr\u0101cijas \u0113k\u0101.<\/p>\n<p class=\"text-font font-size--text-xlarge margin-3--bottom\">K\u0101 apstiprin\u0101ja uz\u0146\u0113mum\u0101 &#8220;R\u012bgas nami&#8221;, otrdien KNAB veicis krimin\u0101lprocesu\u0101l\u0101s darb\u012bbas R\u012bgas Centr\u0101ltirg\u016b.<\/p>\n<p class=\"text-font font-size--text-xlarge margin-3--bottom\">Savuk\u0101rt KNAB tviter\u012b nor\u0101da, ka krimin\u0101lprocesu\u0101l\u0101s darb\u012bbas noris krimin\u0101lproces\u0101, kuru KNAB s\u0101ka 10.septembr\u012b un kur\u0101 tiek izmekl\u0113ta iesp\u0113jam\u0101 kuku\u013c\u0146em\u0161ana, kuku\u013c\u0146em\u0161anas atbalst\u012b\u0161ana, kuku\u013cdo\u0161ana un prettiesiska labuma pie\u0146em\u0161ana.<\/p>\n<p class=\"text-font font-size--text-xlarge margin-3--bottom\">KNAB ir aizdomas, ka R\u012bgas Centr\u0101ltirgus amatpersonas kop\u0101 ar darbinieku, iesp\u0113jams, pie\u0146\u0113ma no uz\u0146\u0113m\u0113jiem kuku\u013cus un prettiesiskus labumus, lai nodro\u0161in\u0101tu uz\u0146\u0113m\u0113jiem konkr\u0113tas tirdzniec\u012bbas vietas tirg\u016b.<\/p>\n<p class=\"text-font font-size--text-xlarge margin-3--bottom\">Krimin\u0101lproces\u0101 iesaist\u012btas piecas personas, kur\u0101m ir ties\u012bbas uz aizst\u0101v\u012bbu. \u0145emot to v\u0113r\u0101, LETA zin\u0101ms, ka liet\u0101 iesaist\u012bta amatpersona un darbinieks un tr\u012bs uz\u0146\u0113muma p\u0101rst\u0101vji.<\/p>\n<p class=\"text-font font-size--text-xlarge margin-3--bottom\">KNAB turpina veikt izmekl\u0113\u0161anu un nostiprin\u0101t ieg\u016btos pier\u0101d\u012bjumus.<\/p>\n<p class=\"text-font font-size--text-xlarge margin-3--bottom\">Lai netrauc\u0113tu izmekl\u0113\u0161anu, iest\u0101de pla\u0161\u0101kus koment\u0101rus nesniedz, tostarp v\u0113l nav zin\u0101ms, vai un k\u0101di dro\u0161\u012bbas l\u012bdzek\u013ci piem\u0113roti iesaist\u012btaj\u0101m person\u0101m.<\/p>\n<p class=\"text-font font-size--text-xlarge margin-3--bottom\">K\u0101 liecina R\u012bgas Centr\u0101ltirgus apsaimniekot\u0101ja SIA &#8220;R\u012bgas nami&#8221; m\u0101jaslap\u0101 public\u0113t\u0101 inform\u0101cija, tirdzniec\u012bbas vietu nomas maksa m\u0113nes\u012b ir no 14,88 eiro R\u016bpniec\u012bbas tirg\u016b P\u016bpolu iel\u0101 l\u012bdz 1312 eiro par 2,5 metrus pla\u0161u tirdzniec\u012bbas vietu Ga\u013cas paviljon\u0101.<\/p>\n<p class=\"text-font font-size--text-xlarge margin-3--bottom\">R\u012bgas m\u0113rs Viesturs Kleinbergs (P) a\u0123ent\u016bru LETA inform\u0113ja, ka SIA &#8220;R\u012bgas nami&#8221; valdes priek\u0161s\u0113d\u0113t\u0101js ir inform\u0113jis vi\u0146u par KNAB veikto krat\u012b\u0161anu R\u012bgas Centr\u0101ltirg\u016b.<\/p>\n<p class=\"text-font font-size--text-xlarge margin-3--bottom\">Divas iesaist\u012bt\u0101s personas esot atst\u0101din\u0101tas no amatiem.<\/p>\n<p class=\"text-font font-size--text-xlarge margin-3--bottom\">&#8220;Esmu uzdevis nekav\u0113joties veikt auditu, lai nodro\u0161in\u0101tu piln\u012bgu skaidr\u012bbu un caursp\u012bd\u012bbu \u0161aj\u0101 situ\u0101cij\u0101,&#8221; nor\u0101da Kleinbergs.<\/p>\n<p class=\"text-font font-size--text-xlarge margin-3--bottom\">SIA \u201cR\u012bgas nami\u201d, kas ir R\u012bgas Centr\u0101ltirgus p\u0101rvald\u012bt\u0101js, nor\u0101da, ka t\u0101 r\u012bc\u012bb\u0101 nav pla\u0161\u0101kas inform\u0101cijas par min\u0113to darb\u012bbu iemesliem vai apst\u0101k\u013ciem. Vienlaikus uz\u0146\u0113mums ir v\u0113rsies pie KNAB ar l\u016bgumu rast iesp\u0113ju inform\u0113t par izmekl\u0113\u0161anas rezult\u0101tos konstat\u0113to un apstiprina gatav\u012bbu piln\u012bb\u0101 sadarboties ar atbild\u012bgaj\u0101m instit\u016bcij\u0101m, lai iesp\u0113jami dr\u012bz noskaidrotu visus ar notiku\u0161o saist\u012btos faktus.<\/p>\n<p class=\"text-font font-size--text-xlarge margin-3--bottom\">Rea\u0123\u0113jot uz notiku\u0161o, uz\u0146\u0113muma valde un padome uzdevusi nekav\u0113jo\u0161i izveidot iek\u0161\u0113jo izmekl\u0113\u0161anas komisiju un veikt auditu.<\/p>\n<p class=\"text-font font-size--text-xlarge margin-3--bottom\">\u201cR\u012bgas nami vad\u012bba stingri uzsver \u2013 korupcija un jebk\u0101da veida noziedz\u012bgi p\u0101rk\u0101pumi uz\u0146\u0113mum\u0101 ir absol\u016bti nepie\u013caujami un netiks toler\u0113ti. M\u016bsu pien\u0101kums ir nodro\u0161in\u0101t caursp\u012bd\u012bgu un god\u012bgu saimniecisko darb\u012bbu, t\u0101d\u0113\u013c ikviens sign\u0101ls par iesp\u0113jamiem p\u0101rk\u0101pumiem tiek izv\u0113rt\u0113ts ar visaugst\u0101ko atbild\u012bbu,\u201d uzsver Oj\u0101rs Valkers, SIA \u201cR\u012bgas nami\u201d valdes priek\u0161s\u0113d\u0113t\u0101js.<\/p>\n<p class=\"text-font font-size--text-xlarge margin-3--bottom\">Uz\u0146\u0113mums aicina ikvienu darbinieku vai sadarb\u012bbas partneri, kuram ir inform\u0101cija, kas var\u0113tu b\u016bt noz\u012bm\u012bga izmekl\u0113\u0161anas proces\u0101 vai kas nor\u0101da uz p\u0101rk\u0101pumiem, izmantot uz\u0146\u0113mum\u0101 pieejamo Trauksmes cel\u0161anas meh\u0101nismu vai tie\u0161i v\u0113rsties pie uz\u0146\u0113muma vad\u012bbas.<\/p>\n<p class=\"text-font font-size--text-xlarge margin-3--bottom\">LETA arh\u012bvs liecina, ka \u0161\u012b nav pirm\u0101 reize, kad atkl\u0101jusies korupcija R\u012bgas Centr\u0101ltirg\u016b. Pirms vair\u0101kiem gadiem jau tika konstat\u0113tas nelikum\u012bg\u0101s darb\u012bbas saist\u012bb\u0101 ar maksu par tirdzniec\u012bbas viet\u0101m. 2023.gada nogal\u0113 pirm\u0101s instances tiesa vair\u0101k\u0101m biju\u0161aj\u0101m AS &#8220;R\u012bgas centr\u0101ltirgus&#8221; amatperson\u0101m un darbiniekiem par piesavin\u0101\u0161anos un dienesta st\u0101vok\u013ca \u013caunpr\u0101t\u012bgu izmanto\u0161anu piespriedusi re\u0101lu un nosac\u012btu br\u012bv\u012bbas at\u0146em\u0161anu.<\/p>\n","protected":false},"excerpt":{"rendered":"Aizdom\u0101s par kuku\u013c\u0146em\u0161anu Korupcijas nov\u0113r\u0161anas un apkaro\u0161anas birojs (KNAB) veic krat\u012b\u0161anu R\u012bgas Centr\u0101ltirgus administr\u0101cijas \u0113k\u0101. K\u0101 apstiprin\u0101ja uz\u0146\u0113mum\u0101&hellip;\n","protected":false},"author":2,"featured_media":8809,"comment_status":"","ping_status":"","sticky":false,"template":"","format":"standard","meta":{"footnotes":""},"categories":[5],"tags":[23,869,77,870,28,29,867,32,33,22,30,31,35,39,38,36,37,34,871,868,40,20,26,27,24,25,21],"class_list":{"0":"post-9958","1":"post","2":"type-post","3":"status-publish","4":"format-standard","5":"has-post-thumbnail","7":"category-aktualitates","8":"tag-aktualitates","9":"tag-biznesa-zinas","10":"tag-bizness","11":"tag-bizness-latvija","12":"tag-breaking-news","13":"tag-breakingnews","14":"tag-dienas-zinas","15":"tag-featured-news","16":"tag-featurednews","17":"tag-headlines","18":"tag-latest-news","19":"tag-latestnews","20":"tag-latvia","21":"tag-latvian","22":"tag-latviesu","23":"tag-latviesu-valoda","24":"tag-latviesuvaloda","25":"tag-latvija","26":"tag-latvijas-biznesa-zinas","27":"tag-latvijas-zinas","28":"tag-lv","29":"tag-news","30":"tag-popularakas-zinas","31":"tag-popularakaszinas","32":"tag-top-stories","33":"tag-topstories","34":"tag-zinas"},"share_on_mastodon":{"url":"","error":""},"_links":{"self":[{"href":"https:\/\/www.europesays.com\/lv\/wp-json\/wp\/v2\/posts\/9958","targetHints":{"allow":["GET"]}}],"collection":[{"href":"https:\/\/www.europesays.com\/lv\/wp-json\/wp\/v2\/posts"}],"about":[{"href":"https:\/\/www.europesays.com\/lv\/wp-json\/wp\/v2\/types\/post"}],"author":[{"embeddable":true,"href":"https:\/\/www.europesays.com\/lv\/wp-json\/wp\/v2\/users\/2"}],"replies":[{"embeddable":true,"href":"https:\/\/www.europesays.com\/lv\/wp-json\/wp\/v2\/comments?post=9958"}],"version-history":[{"count":0,"href":"https:\/\/www.europesays.com\/lv\/wp-json\/wp\/v2\/posts\/9958\/revisions"}],"wp:featuredmedia":[{"embeddable":true,"href":"https:\/\/www.europesays.com\/lv\/wp-json\/wp\/v2\/media\/8809"}],"wp:attachment":[{"href":"https:\/\/www.europesays.com\/lv\/wp-json\/wp\/v2\/media?parent=9958"}],"wp:term":[{"taxonomy":"category","embeddable":true,"href":"https:\/\/www.europesays.com\/lv\/wp-json\/wp\/v2\/categories?post=9958"},{"taxonomy":"post_tag","embeddable":true,"href":"https:\/\/www.europesays.com\/lv\/wp-json\/wp\/v2\/tags?post=9958"}],"curies":[{"name":"wp","href":"https:\/\/api.w.org\/{rel}","templated":true}]}}