{"id":99630,"date":"2026-01-09T18:14:10","date_gmt":"2026-01-09T18:14:10","guid":{"rendered":"https:\/\/www.europesays.com\/lv\/99630\/"},"modified":"2026-01-09T18:14:10","modified_gmt":"2026-01-09T18:14:10","slug":"na-rosina-silinas-demisiju-jo-premjere-nespej-izpildit-nacionalo-drosibas-koncepciju","status":"publish","type":"post","link":"https:\/\/www.europesays.com\/lv\/99630\/","title":{"rendered":"NA rosina Sili\u0146as demisiju, jo premjere nesp\u0113j izpild\u012bt Nacion\u0101lo dro\u0161\u012bbas koncepciju"},"content":{"rendered":"<p>Pret\u0113ji Nacion\u0101l\u0101s dro\u0161\u012bbas koncepcij\u0101 noteiktajam, Ministru kabinets turpina pie\u0161\u0137irt valsts finans\u0113jumu sabiedrisko mediju saturam krievu valod\u0101. NA ieskat\u0101 \u0161\u0101da r\u012bc\u012bba ir klaj\u0101 pretrun\u0101 ar valstiski apstiprin\u0101tiem dro\u0161\u012bbas m\u0113r\u0137iem un kav\u0113 vienotas informat\u012bv\u0101s telpas izveidi.<\/p>\n<p>NA uzsver, ka Sabiedrisko elektronisko pla\u0161sazi\u0146as l\u012bdzek\u013cu un to p\u0101rvald\u012bbas likum\u0101 min\u0113tais par saturu maz\u0101kumtaut\u012bbu valod\u0101s j\u0101v\u0113rt\u0113 kontekst\u0101 ar Nacion\u0101l\u0101s dro\u0161\u012bbas koncepciju. Tas, k\u0101 uzsver NA, esot skrupulozi izv\u0113rt\u0113ts strat\u0113\u0123isks dokuments, ko sagatavoju\u0161as un apstiprin\u0101ju\u0161as valsts dro\u0161\u012bbas iest\u0101des.<\/p>\n<p>At\u0161\u0137ir\u012bb\u0101 no Sabiedrisko elektronisko pla\u0161sazi\u0146as l\u012bdzek\u013cu padomes (SEPLP) un atsevi\u0161\u0137u mediju ekspertu paust\u0101, \u0161\u012bs instit\u016bcijas neapgalvo, ka sabiedrisko mediju satura veido\u0161ana krievu valod\u0101 stiprin\u0101tu valsts dro\u0161\u012bbu.<\/p>\n<p>Nacion\u0101l\u0101s dro\u0161\u012bbas koncepcija ir pamats, uz kura j\u0101balsta mediju politika valodu lietojuma jom\u0101, un t\u0101 neparedz pien\u0101kumu veidot sabiedrisko mediju saturu tie\u0161i krievu valod\u0101 \u2013 \u0161\u0101ds saturs var tikt nodro\u0161in\u0101ts Eiropas kult\u016brtelpai pieder\u012bg\u0101s valod\u0101s, saska\u0146\u0101 ar dro\u0161\u012bbas koncepcij\u0101 pausto.<\/p>\n<p>Vald\u012bbai un Ministru prezidentam ir pien\u0101kums \u012bstenot Saeimas apstiprin\u0101tus strat\u0113\u0123iskos dokumentus, \u012bpa\u0161i nacion\u0101l\u0101s dro\u0161\u012bbas jom\u0101, savu redz\u0113jumu pau\u017e partija. Ja vald\u012bbas vad\u012bt\u0101js to nesp\u0113j vai nev\u0113las dar\u012bt, tas grauj gan valsts dro\u0161\u012bbu, gan sabiedr\u012bbas uztic\u0113\u0161anos varai, nor\u0101da NA.<\/p>\n<p class=\"ad-desc ad-desc-main\">Saturs turpin\u0101s p\u0113c rekl\u0101mas<\/p>\n<p class=\"ad-desc ad-desc-sec\">Rekl\u0101ma<\/p>\n<p>Partijas ieskat\u0101, Latvijai ir nepiecie\u0161ama t\u0101da vald\u012bba un Ministru prezidents, kas konsekventi \u012bsteno Nacion\u0101l\u0101s dro\u0161\u012bbas koncepcij\u0101 noteikto, un aicina Saeimu izteikt neuztic\u012bbu Ministru prezidentei Evikai Sili\u0146ai.<\/p>\n<p class=\"tv3-fw-500\">Zi\u0146o par k\u013c\u016bdu rakst\u0101<\/p>\n<p class=\"d-md-block d-none\">Iez\u012bm\u0113 k\u013c\u016bdaino tekstu un spied Ctrl+Enter.<\/p>\n<p class=\"d-md-none d-block\">Iez\u012bm\u0113 k\u013c\u016bdaino tekstu un zi\u0146o par to!<\/p>\n","protected":false},"excerpt":{"rendered":"Pret\u0113ji Nacion\u0101l\u0101s dro\u0161\u012bbas koncepcij\u0101 noteiktajam, Ministru kabinets turpina pie\u0161\u0137irt valsts finans\u0113jumu sabiedrisko mediju saturam krievu valod\u0101. NA ieskat\u0101&hellip;\n","protected":false},"author":2,"featured_media":99631,"comment_status":"","ping_status":"","sticky":false,"template":"","format":"standard","meta":{"footnotes":""},"categories":[12],"tags":[23,28,29,24337,32,33,22,30,31,35,39,38,36,37,34,40,20,26,27,24,25,21],"class_list":{"0":"post-99630","1":"post","2":"type-post","3":"status-publish","4":"format-standard","5":"has-post-thumbnail","7":"category-latvija","8":"tag-aktualitates","9":"tag-breaking-news","10":"tag-breakingnews","11":"tag-evika-silinanacionala-apvienibapremjerministreseplp","12":"tag-featured-news","13":"tag-featurednews","14":"tag-headlines","15":"tag-latest-news","16":"tag-latestnews","17":"tag-latvia","18":"tag-latvian","19":"tag-latviesu","20":"tag-latviesu-valoda","21":"tag-latviesuvaloda","22":"tag-latvija","23":"tag-lv","24":"tag-news","25":"tag-popularakas-zinas","26":"tag-popularakaszinas","27":"tag-top-stories","28":"tag-topstories","29":"tag-zinas"},"share_on_mastodon":{"url":"https:\/\/pubeurope.com\/@lv\/115866505212011147","error":""},"_links":{"self":[{"href":"https:\/\/www.europesays.com\/lv\/wp-json\/wp\/v2\/posts\/99630","targetHints":{"allow":["GET"]}}],"collection":[{"href":"https:\/\/www.europesays.com\/lv\/wp-json\/wp\/v2\/posts"}],"about":[{"href":"https:\/\/www.europesays.com\/lv\/wp-json\/wp\/v2\/types\/post"}],"author":[{"embeddable":true,"href":"https:\/\/www.europesays.com\/lv\/wp-json\/wp\/v2\/users\/2"}],"replies":[{"embeddable":true,"href":"https:\/\/www.europesays.com\/lv\/wp-json\/wp\/v2\/comments?post=99630"}],"version-history":[{"count":0,"href":"https:\/\/www.europesays.com\/lv\/wp-json\/wp\/v2\/posts\/99630\/revisions"}],"wp:featuredmedia":[{"embeddable":true,"href":"https:\/\/www.europesays.com\/lv\/wp-json\/wp\/v2\/media\/99631"}],"wp:attachment":[{"href":"https:\/\/www.europesays.com\/lv\/wp-json\/wp\/v2\/media?parent=99630"}],"wp:term":[{"taxonomy":"category","embeddable":true,"href":"https:\/\/www.europesays.com\/lv\/wp-json\/wp\/v2\/categories?post=99630"},{"taxonomy":"post_tag","embeddable":true,"href":"https:\/\/www.europesays.com\/lv\/wp-json\/wp\/v2\/tags?post=99630"}],"curies":[{"name":"wp","href":"https:\/\/api.w.org\/{rel}","templated":true}]}}