{"id":99654,"date":"2026-01-09T18:49:12","date_gmt":"2026-01-09T18:49:12","guid":{"rendered":"https:\/\/www.europesays.com\/lv\/99654\/"},"modified":"2026-01-09T18:49:12","modified_gmt":"2026-01-09T18:49:12","slug":"meloni-aicina-es-atjaunot-dialogu-ar-krieviju-par-kara-izbeigsanu-ukraina-diena","status":"publish","type":"post","link":"https:\/\/www.europesays.com\/lv\/99654\/","title":{"rendered":"Meloni aicina ES atjaunot dialogu ar Krieviju par kara izbeig\u0161anu Ukrain\u0101 \/ Diena"},"content":{"rendered":"<p>&#8220;Es dom\u0101ju, ka Eiropai pien\u0101cis laiks run\u0101t ar Krieviju,&#8221; pazi\u0146oja Meloni.<\/p>\n<p>&#13;<br \/>\n&#13;<\/p>\n<blockquote><p>&#13;<\/p>\n<p>&#8220;Jo gad\u012bjum\u0101, ja Eiropa nolems piedal\u012bties \u0161aj\u0101 sarunu f\u0101z\u0113, run\u0101jot tikai ar vienu no iesaist\u012btaj\u0101m pus\u0113m (..), pozit\u012bvais ieguld\u012bjums, ko t\u0101 var dot, b\u016bs ierobe\u017eots,&#8221; uzskata It\u0101lijas premjere.<\/p>\n<p>&#13;\n<\/p><\/blockquote>\n<p>&#13;<br \/>\n&#13;<\/p>\n<p>Vi\u0146a teica, ka piekr\u012bt Francijas prezidentam Emanuelam Makronam, kur\u0161 decembr\u012b sac\u012bja, ka Eiropai b\u016btu noder\u012bgi atjaunot attiec\u012bbas ar Krievijas diktatoru Vladimiru Putinu saist\u012bb\u0101 ar karu Ukrain\u0101.<\/p>\n<p>&#13;<br \/>\n&#13;<\/p>\n<p>T\u0101 k\u0101 ES un Krievijas kontakti kop\u0161 Maskavas atk\u0101rtot\u0101 iebrukuma Ukrain\u0101 2022. gada febru\u0101r\u012b faktiski ir p\u0101rtraukti, Va\u0161ingtona ir uz\u0146\u0113musies vad\u012bbu sarun\u0101s par kara izbeig\u0161anu.<\/p>\n<p>&#13;<br \/>\n&#13;<\/p>\n<p>Meloni sac\u012bja, ka ir gr\u016bti pateikt, kas no ES puses var\u0113tu piedal\u012bties sarun\u0101s.<\/p>\n<p>&#13;<br \/>\n&#13;<\/p>\n<blockquote><p>&#13;<\/p>\n<p>&#8220;Mums \u0161\u012b probl\u0113ma ir kop\u0161 sarunu s\u0101kuma. Run\u0101 daudzas balsis, past\u0101v daudzi form\u0101ti,&#8221; vi\u0146a piebilda, nor\u0101dot, ka t\u0101d\u0113\u013c vienm\u0113r atbalst\u012bjusi \u012bpa\u0161a Eiropas s\u016bt\u0146a iecel\u0161anu Ukrainas jaut\u0101jum\u0101. Vi\u0146aspr\u0101t, tas \u013cautu eiropie\u0161iem run\u0101t vien\u0101 bals\u012b.<\/p>\n<p>&#13;\n<\/p><\/blockquote>\n<p>&#13;<br \/>\n&#13;<\/p>\n<p>Tom\u0113r Meloni sac\u012bja, ka ir p\u0101ragri run\u0101t par Krievijas uz\u0146em\u0161anu atpaka\u013c grup\u0101, kas pa\u0161laik ir septi\u0146u att\u012bst\u012bto valstu grupa (G7), bet iepriek\u0161 bija asto\u0146u att\u012bst\u012bto valstu grupa (G8).<\/p>\n<p>&#13;<br \/>\n&#13;<\/p>\n<p>&#8220;\u0160odien man \u0161\u0137iet neiesp\u0113jami, ka, teiksim, Krievija var\u0113tu pievienoties G7,&#8221; atzina Meloni.<\/p>\n<p>&#13;<\/p>\n","protected":false},"excerpt":{"rendered":"&#8220;Es dom\u0101ju, ka Eiropai pien\u0101cis laiks run\u0101t ar Krieviju,&#8221; pazi\u0146oja Meloni. &#13; &#13; &#13; &#8220;Jo gad\u012bjum\u0101, ja Eiropa&hellip;\n","protected":false},"author":2,"featured_media":99655,"comment_status":"","ping_status":"","sticky":false,"template":"","format":"standard","meta":{"footnotes":""},"categories":[14],"tags":[23,57,28,29,32,33,22,30,31,35,39,38,36,37,34,40,20,26,27,24,25,54,55,56,21,58],"class_list":{"0":"post-99654","1":"post","2":"type-post","3":"status-publish","4":"format-standard","5":"has-post-thumbnail","7":"category-zinas-no-arvalstim","8":"tag-aktualitates","9":"tag-arvalstim","10":"tag-breaking-news","11":"tag-breakingnews","12":"tag-featured-news","13":"tag-featurednews","14":"tag-headlines","15":"tag-latest-news","16":"tag-latestnews","17":"tag-latvia","18":"tag-latvian","19":"tag-latviesu","20":"tag-latviesu-valoda","21":"tag-latviesuvaloda","22":"tag-latvija","23":"tag-lv","24":"tag-news","25":"tag-popularakas-zinas","26":"tag-popularakaszinas","27":"tag-top-stories","28":"tag-topstories","29":"tag-world","30":"tag-world-news","31":"tag-worldnews","32":"tag-zinas","33":"tag-zinas-no-arvalstim"},"share_on_mastodon":{"url":"https:\/\/pubeurope.com\/@lv\/115866642936036745","error":""},"_links":{"self":[{"href":"https:\/\/www.europesays.com\/lv\/wp-json\/wp\/v2\/posts\/99654","targetHints":{"allow":["GET"]}}],"collection":[{"href":"https:\/\/www.europesays.com\/lv\/wp-json\/wp\/v2\/posts"}],"about":[{"href":"https:\/\/www.europesays.com\/lv\/wp-json\/wp\/v2\/types\/post"}],"author":[{"embeddable":true,"href":"https:\/\/www.europesays.com\/lv\/wp-json\/wp\/v2\/users\/2"}],"replies":[{"embeddable":true,"href":"https:\/\/www.europesays.com\/lv\/wp-json\/wp\/v2\/comments?post=99654"}],"version-history":[{"count":0,"href":"https:\/\/www.europesays.com\/lv\/wp-json\/wp\/v2\/posts\/99654\/revisions"}],"wp:featuredmedia":[{"embeddable":true,"href":"https:\/\/www.europesays.com\/lv\/wp-json\/wp\/v2\/media\/99655"}],"wp:attachment":[{"href":"https:\/\/www.europesays.com\/lv\/wp-json\/wp\/v2\/media?parent=99654"}],"wp:term":[{"taxonomy":"category","embeddable":true,"href":"https:\/\/www.europesays.com\/lv\/wp-json\/wp\/v2\/categories?post=99654"},{"taxonomy":"post_tag","embeddable":true,"href":"https:\/\/www.europesays.com\/lv\/wp-json\/wp\/v2\/tags?post=99654"}],"curies":[{"name":"wp","href":"https:\/\/api.w.org\/{rel}","templated":true}]}}