{"id":99659,"date":"2026-01-09T18:59:16","date_gmt":"2026-01-09T18:59:16","guid":{"rendered":"https:\/\/www.europesays.com\/lv\/99659\/"},"modified":"2026-01-09T18:59:16","modified_gmt":"2026-01-09T18:59:16","slug":"rinks-vinterberga-izcina-ceturto-vietu-naciju-kausa-kamaninu-sporta","status":"publish","type":"post","link":"https:\/\/www.europesays.com\/lv\/99659\/","title":{"rendered":"Rinks Vinterberg\u0101 izc\u012bna ceturto vietu N\u0101ciju kaus\u0101 kamani\u0146u sport\u0101"},"content":{"rendered":"<p>V\u012brie\u0161u vieninieku sacens\u012bb\u0101s Rinks fini\u0161\u0113ja 53,566 sekund\u0113s, zaud\u0113jot uzvar\u0113t\u0101jam ukrainim Andrijam Mandzijam 0,277 sekundes. No iek\u013c\u016b\u0161anas lab\u0101ko trijniek\u0101 Latvijas sportists atpalika par 0,058 sekund\u0113m.<\/p>\n<p>N\u0101ciju kaus\u0101 start\u0113ja 35 sportisti.<\/p>\n<p>Savuk\u0101rt sievie\u0161u vieninieku sacens\u012bb\u0101s Zane Kaluma, veicot trasi 58,817 sekund\u0113s, piek\u0101p\u0101s pirm\u0101s vietas ieguv\u0113jai v\u0101cietei Ankai Jankei 0,721 sekundes un ie\u0146\u0113ma desmito vietu 25 sportistu konkurenc\u0113. Latvijas p\u0101rst\u0101ve ar\u012b kvalific\u0113j\u0101s Pasaules kausa sacens\u012bb\u0101m.<\/p>\n<p>Sievie\u0161u vieninieku sacens\u012bb\u0101s start\u0113ja ar\u012b Margita Sirsni\u0146a, ta\u010du vi\u0146a piedz\u012bvoja kritienu un nefini\u0161\u0113ja.<\/p>\n<p>Ar posmu Vinterberg\u0101 nosl\u0113gsies olimpisk\u0101 kvalifik\u0101cij\u0101. Turpin\u0101jum\u0101 V\u0101cijas tras\u0113 Oberhof\u0101 tiks aizvad\u012bti v\u0113l divi posmi, un pirmaj\u0101 no tiem tiks dal\u012btas ar\u012b Eiropas \u010dempion\u0101ta godalgas, febru\u0101ra s\u0101kum\u0101 sportisti sacent\u012bsies Mil\u0101nas un Kort\u012bnas olimpiskaj\u0101s sp\u0113l\u0113s, p\u0113c kur\u0101m paredz\u0113ti v\u0113l divi posmi.<\/p>\n<p class=\"tv3-fw-500\">Zi\u0146o par k\u013c\u016bdu rakst\u0101<\/p>\n<p class=\"d-md-block d-none\">Iez\u012bm\u0113 k\u013c\u016bdaino tekstu un spied Ctrl+Enter.<\/p>\n<p class=\"d-md-none d-block\">Iez\u012bm\u0113 k\u013c\u016bdaino tekstu un zi\u0146o par to!<\/p>\n","protected":false},"excerpt":{"rendered":"V\u012brie\u0161u vieninieku sacens\u012bb\u0101s Rinks fini\u0161\u0113ja 53,566 sekund\u0113s, zaud\u0113jot uzvar\u0113t\u0101jam ukrainim Andrijam Mandzijam 0,277 sekundes. No iek\u013c\u016b\u0161anas lab\u0101ko trijniek\u0101&hellip;\n","protected":false},"author":2,"featured_media":99660,"comment_status":"","ping_status":"","sticky":false,"template":"","format":"standard","meta":{"footnotes":""},"categories":[17],"tags":[24342,35,39,38,36,37,34,40,67],"class_list":{"0":"post-99659","1":"post","2":"type-post","3":"status-publish","4":"format-standard","5":"has-post-thumbnail","7":"category-sports","8":"tag-kamaninu-sportskaspars-rinksziemas-sports","9":"tag-latvia","10":"tag-latvian","11":"tag-latviesu","12":"tag-latviesu-valoda","13":"tag-latviesuvaloda","14":"tag-latvija","15":"tag-lv","16":"tag-sports"},"share_on_mastodon":{"url":"https:\/\/pubeurope.com\/@lv\/115866682138948227","error":""},"_links":{"self":[{"href":"https:\/\/www.europesays.com\/lv\/wp-json\/wp\/v2\/posts\/99659","targetHints":{"allow":["GET"]}}],"collection":[{"href":"https:\/\/www.europesays.com\/lv\/wp-json\/wp\/v2\/posts"}],"about":[{"href":"https:\/\/www.europesays.com\/lv\/wp-json\/wp\/v2\/types\/post"}],"author":[{"embeddable":true,"href":"https:\/\/www.europesays.com\/lv\/wp-json\/wp\/v2\/users\/2"}],"replies":[{"embeddable":true,"href":"https:\/\/www.europesays.com\/lv\/wp-json\/wp\/v2\/comments?post=99659"}],"version-history":[{"count":0,"href":"https:\/\/www.europesays.com\/lv\/wp-json\/wp\/v2\/posts\/99659\/revisions"}],"wp:featuredmedia":[{"embeddable":true,"href":"https:\/\/www.europesays.com\/lv\/wp-json\/wp\/v2\/media\/99660"}],"wp:attachment":[{"href":"https:\/\/www.europesays.com\/lv\/wp-json\/wp\/v2\/media?parent=99659"}],"wp:term":[{"taxonomy":"category","embeddable":true,"href":"https:\/\/www.europesays.com\/lv\/wp-json\/wp\/v2\/categories?post=99659"},{"taxonomy":"post_tag","embeddable":true,"href":"https:\/\/www.europesays.com\/lv\/wp-json\/wp\/v2\/tags?post=99659"}],"curies":[{"name":"wp","href":"https:\/\/api.w.org\/{rel}","templated":true}]}}