{"id":99661,"date":"2026-01-09T19:01:09","date_gmt":"2026-01-09T19:01:09","guid":{"rendered":"https:\/\/www.europesays.com\/lv\/99661\/"},"modified":"2026-01-09T19:01:09","modified_gmt":"2026-01-09T19:01:09","slug":"latvija-lugs-sasaukt-ano-drosibas-padomes-arkartas-sedi-par-krievijas-uzbrukumu-ukrainai","status":"publish","type":"post","link":"https:\/\/www.europesays.com\/lv\/99661\/","title":{"rendered":"Latvija l\u016bgs sasaukt ANO Dro\u0161\u012bbas padomes \u0101rk\u0101rtas s\u0113di par Krievijas uzbrukumu Ukrainai"},"content":{"rendered":"<p>Jau rakst\u012bts, ka Ukrainas prezidents Volodimirs Zelenskis piektdien aicin\u0101ja pasauli rea\u0123\u0113t uz Krievijas dronu un ra\u0137e\u0161u masveida uzbrukumu Ukrainai aizvad\u012btaj\u0101 nakt\u012b.<\/p>\n<p>&#8220;Ir nepiecie\u0161ama skaidra pasaules reakcija. Pirmk\u0101rt, no [Amerikas] Savienotaj\u0101m Valst\u012bm, ar kur\u0101m <a href=\"https:\/\/www.apollo.lv\/term\/555452\/krievija\" class=\"topicLink\" target=\"_blank\" rel=\"nofollow noopener\">Krievija<\/a> patie\u0161\u0101m r\u0113\u0137in\u0101s. Krievijai ir j\u0101sa\u0146em sign\u0101li, ka t\u0101s pien\u0101kums ir koncentr\u0113ties uz diplom\u0101tiju un izjust sekas katru reizi, kad t\u0101 atkal koncentr\u0113jas uz nogalin\u0101\u0161anu un infrastrukt\u016bras izn\u012bcin\u0101\u0161anu,&#8221; platform\u0101 &#8220;Telegram&#8221; ierakst\u012bjis Zelenskis.<\/p>\n<p>Vi\u0146\u0161 uzsv\u0113ris, ka nakts trieciens atg\u0101dina visiem starptautiskajiem partneriem par nepiecie\u0161am\u012bbu atbalst\u012bt pretgaisa aizsardz\u012bbu k\u0101 past\u0101v\u012bgu Ukrainas priorit\u0101ti.<\/p>\n<p>&#8220;Kopum\u0101 \u0161aj\u0101 nakt\u012b bija 242 bezpilota lidapar\u0101ti, 13 ballistisk\u0101s ra\u0137etes tikai un vien\u012bgi pret ener\u0123\u0113tikas un civilo infrastrukt\u016bru, viena vid\u0113ja darb\u012bbas r\u0101diusa ballistisk\u0101 ra\u0137ete &#8220;Ore\u0161\u0146ik&#8221; un 22 sp\u0101rnot\u0101s ra\u0137etes. Uzbrukums notiek tie\u0161i tad, kad ir iev\u0113rojams aukstums. Tie\u0161i pret vienk\u0101r\u0161u cilv\u0113ku parasto dz\u012bvi,&#8221; vi\u0146\u0161 nor\u0101d\u012bjis.<\/p>\n<p>Zelenskis ar\u012b pazi\u0146ojis, ka Krievijas drons nodar\u012bjis post\u012bjumus Kataras v\u0113stniec\u012bbas \u0113kai Kijiv\u0101.<\/p>\n<p>Aizvad\u012btaj\u0101 nakt\u012b Krievijas dronu un ra\u0137e\u0161u triecien\u0101 Ukrainas galvaspils\u0113tai nogalin\u0101ti \u010detri cilv\u0113ki. Ievainoti vismaz 24 cilv\u0113ki, tostarp pieci gl\u0101b\u0161anas dienestu darbinieki un tr\u012bs medi\u0137i, kuri str\u0101d\u0101ja notikuma viet\u0101.<\/p>\n<p>Nodar\u012bti post\u012bjumi apm\u0113ram 20 dz\u012bvojam\u0101m \u0113k\u0101m, k\u0101 ar\u012b ener\u0123\u0113tikas infrastrukt\u016brai. Vair\u0101ki desmiti t\u016bksto\u0161i m\u0101jsaimniec\u012bbu paliku\u0161as bez elektroapg\u0101des un apkures.<\/p>\n","protected":false},"excerpt":{"rendered":"Jau rakst\u012bts, ka Ukrainas prezidents Volodimirs Zelenskis piektdien aicin\u0101ja pasauli rea\u0123\u0113t uz Krievijas dronu un ra\u0137e\u0161u masveida uzbrukumu&hellip;\n","protected":false},"author":2,"featured_media":99662,"comment_status":"","ping_status":"","sticky":false,"template":"","format":"standard","meta":{"footnotes":""},"categories":[14],"tags":[23,341,57,447,28,29,32,33,22,234,74,30,31,35,39,38,36,37,34,40,20,26,27,24,25,54,55,56,21,58],"class_list":{"0":"post-99661","1":"post","2":"type-post","3":"status-publish","4":"format-standard","5":"has-post-thumbnail","7":"category-zinas-no-arvalstim","8":"tag-aktualitates","9":"tag-ano","10":"tag-arvalstim","11":"tag-baiba-braze","12":"tag-breaking-news","13":"tag-breakingnews","14":"tag-featured-news","15":"tag-featurednews","16":"tag-headlines","17":"tag-krievija","18":"tag-krievijas-iebrukums-ukraina","19":"tag-latest-news","20":"tag-latestnews","21":"tag-latvia","22":"tag-latvian","23":"tag-latviesu","24":"tag-latviesu-valoda","25":"tag-latviesuvaloda","26":"tag-latvija","27":"tag-lv","28":"tag-news","29":"tag-popularakas-zinas","30":"tag-popularakaszinas","31":"tag-top-stories","32":"tag-topstories","33":"tag-world","34":"tag-world-news","35":"tag-worldnews","36":"tag-zinas","37":"tag-zinas-no-arvalstim"},"share_on_mastodon":{"url":"https:\/\/pubeurope.com\/@lv\/115866690100365739","error":""},"_links":{"self":[{"href":"https:\/\/www.europesays.com\/lv\/wp-json\/wp\/v2\/posts\/99661","targetHints":{"allow":["GET"]}}],"collection":[{"href":"https:\/\/www.europesays.com\/lv\/wp-json\/wp\/v2\/posts"}],"about":[{"href":"https:\/\/www.europesays.com\/lv\/wp-json\/wp\/v2\/types\/post"}],"author":[{"embeddable":true,"href":"https:\/\/www.europesays.com\/lv\/wp-json\/wp\/v2\/users\/2"}],"replies":[{"embeddable":true,"href":"https:\/\/www.europesays.com\/lv\/wp-json\/wp\/v2\/comments?post=99661"}],"version-history":[{"count":0,"href":"https:\/\/www.europesays.com\/lv\/wp-json\/wp\/v2\/posts\/99661\/revisions"}],"wp:featuredmedia":[{"embeddable":true,"href":"https:\/\/www.europesays.com\/lv\/wp-json\/wp\/v2\/media\/99662"}],"wp:attachment":[{"href":"https:\/\/www.europesays.com\/lv\/wp-json\/wp\/v2\/media?parent=99661"}],"wp:term":[{"taxonomy":"category","embeddable":true,"href":"https:\/\/www.europesays.com\/lv\/wp-json\/wp\/v2\/categories?post=99661"},{"taxonomy":"post_tag","embeddable":true,"href":"https:\/\/www.europesays.com\/lv\/wp-json\/wp\/v2\/tags?post=99661"}],"curies":[{"name":"wp","href":"https:\/\/api.w.org\/{rel}","templated":true}]}}