{"id":99663,"date":"2026-01-09T19:02:10","date_gmt":"2026-01-09T19:02:10","guid":{"rendered":"https:\/\/www.europesays.com\/lv\/99663\/"},"modified":"2026-01-09T19:02:10","modified_gmt":"2026-01-09T19:02:10","slug":"izsludinats-dzeltenais-bridinajums-sestdien-valsts-rietumos-sniega-sega-var-palielinaties-lidz-pat-deviniem-centimetriem-jauns-lv","status":"publish","type":"post","link":"https:\/\/www.europesays.com\/lv\/99663\/","title":{"rendered":"Izsludin\u0101ts dzeltenais br\u012bdin\u0101jums: sestdien valsts rietumos sniega sega var palielin\u0101ties l\u012bdz pat devi\u0146iem centimetriem &#8211; Jauns.lv"},"content":{"rendered":"<ol>\n<li><a href=\"https:\/\/news.google.com\/rss\/articles\/CBMi7gFBVV95cUxOQ1dlNUxYcDZZZ18wa0pCX3A2eFY2NkRDLXBmdXUxdkotYzRoZ0JtXzNILUhNWXlVNDJLcUI2eDJDbmdRQTM4NTdIcEJIWkw4VEo0bGt0QkM4b3NQQmJfTHhjQ1RHaWU1aG9sV2FROUdtRmVWOFJUMktfR0l0cVBEX0FFNzZfbFIwaER1ZEs2a3k0MF9UOGhSZ0k5TmRaWERJOXk2UGZ6ckJoZ2RWbkJ4a2ZaTVlvR2w2V2JyZHJZT3R4cnZDcFVqSUtjNE1TVFo5WlB5dmgzeU8xOGUyMWVGcEI3cTFXdjNaYWtfckFB?oc=5\" target=\"_blank\" rel=\"nofollow noopener\">Izsludin\u0101ts dzeltenais br\u012bdin\u0101jums: sestdien valsts rietumos sniega sega var palielin\u0101ties l\u012bdz pat devi\u0146iem centimetriem<\/a>&nbsp;&nbsp;Jauns.lv<\/li>\n<li><a href=\"https:\/\/news.google.com\/rss\/articles\/CBMizwFBVV95cUxQYnBINlRUM0VsdDVOUlIxU3pUczkwbTRrTUZnUnU5bC10blVuZzdQb01fYldScHFUaE4wOE1JYlcxbWF0WXlJVWFFdUhMY0N2blFneExyd3l6U2MxbGpsOE1NZFp5bUNPYm9XZU1JZ0RMdU4zNGttWFh3Yl9ka2NBVVl4ekoyYnJoS3VIUEdyVThqS2Nra3lnenRGZUpLTG1qVGxfQjc3SWVYaXd2TmxhZUtucFNaSGFDUjFuSXdLMWV3dEdLQ1BCRXE2U1hyTXM?oc=5\" target=\"_blank\" rel=\"nofollow noopener\">Barg\u0101kais sals, k\u0101ds Latvij\u0101 bijis: m\u012bnus 43,2 gr\u0101di! K\u0101das biju\u0161as aukst\u0101k\u0101s ziemas Latvijas v\u0113stur\u0113<\/a>&nbsp;&nbsp;Jauns.lv<\/li>\n<li><a href=\"https:\/\/news.google.com\/rss\/articles\/CBMirAFBVV95cUxOUmFzN2hIcTRVVW9xRHJrRXBObU5YMTRyMnFtU201N2lKbk42cVhrWHR6ZUV5LWRnYk9CVGVhRnJrNVVpZUh4cV8wUzUzQk1nVEN2aDJhSzJvMmFTai1JbmJNNnlTVG80dF9VWkFFeGN5ejBDd2lJLVpxSXF2aE1xMnZ5dG1PbGhqa000ZEhnRWphbkliZUR5TDgtZy1rUlpBU3RUbHNseUM2RHJV?oc=5\" target=\"_blank\" rel=\"nofollow noopener\">Vakarpus\u0113 valsts centr\u0101lo un austrumu da\u013cu s\u0101ks \u0161\u0137\u0113rsot pla\u0161a nokri\u0161\u0146u zona<\/a>&nbsp;&nbsp;TVNET &#8211; Laika zi\u0146as<\/li>\n<li><a href=\"https:\/\/news.google.com\/rss\/articles\/CBMimgFBVV95cUxNaUVQVEsxUEh3VDNNYXlyYmtBWFBHMVQ0VlNIbVhpTm9Kb3IxaGo4aVBCdUMyTHFhWVZFQ2hwWkdZellxeEJDakcyZDBqV3l5M1RsaGhWdFA0aVQ0TTE1YVcyamtxT2U2QklyclJYbEZjMkhtc252RVA2QXd1cDFRdG5xbjgtTkFvRmpfQV9Xc2xoS2VBakI2Qk53?oc=5\" target=\"_blank\" rel=\"nofollow noopener\">Zvaigznes dienas laika prognoze nosaka vasaras laikapst\u0101k\u013cus<\/a>&nbsp;&nbsp;NRA<\/li>\n<li><a href=\"https:\/\/news.google.com\/rss\/articles\/CBMivAFBVV95cUxNVWVhbVBsMzN4RmhTSFlzTExzWXRwRnBUM1Bfc3Vtb1JpejRPaXFsUGZTVVNTbE94TDZnZlJzMVotcWMxcElTMEJaR011aTVVN2cxdGFTSDBwWmFuVHpBVmpJSHVyeTlpT09JaHpSR3VaYldvNXpGeU5OejN0SU1CcTBhVWVCd3NycUZQbTVKSFYzcm1XbEl3WDhEa0Y2RXA3YmZzb2VScjl3ZUZZdml6TG91UEU5bkUxYkNieQ?oc=5\" target=\"_blank\" rel=\"nofollow noopener\">Sestdien viet\u0101m sniega sega palielin\u0101sies par vair\u0101kiem centimetriem \u2013 izsludina br\u012bdin\u0101jumu<\/a>&nbsp;&nbsp;Apollo.lv<\/li>\n<\/ol>\n","protected":false},"excerpt":{"rendered":"Izsludin\u0101ts dzeltenais br\u012bdin\u0101jums: sestdien valsts rietumos sniega sega var palielin\u0101ties l\u012bdz pat devi\u0146iem centimetriem&nbsp;&nbsp;Jauns.lv Barg\u0101kais sals, k\u0101ds Latvij\u0101&hellip;\n","protected":false},"author":2,"featured_media":99664,"comment_status":"","ping_status":"","sticky":false,"template":"","format":"standard","meta":{"footnotes":""},"categories":[12],"tags":[23,28,29,32,33,22,30,31,35,39,38,36,37,34,40,20,26,27,24,25,21],"class_list":{"0":"post-99663","1":"post","2":"type-post","3":"status-publish","4":"format-standard","5":"has-post-thumbnail","7":"category-latvija","8":"tag-aktualitates","9":"tag-breaking-news","10":"tag-breakingnews","11":"tag-featured-news","12":"tag-featurednews","13":"tag-headlines","14":"tag-latest-news","15":"tag-latestnews","16":"tag-latvia","17":"tag-latvian","18":"tag-latviesu","19":"tag-latviesu-valoda","20":"tag-latviesuvaloda","21":"tag-latvija","22":"tag-lv","23":"tag-news","24":"tag-popularakas-zinas","25":"tag-popularakaszinas","26":"tag-top-stories","27":"tag-topstories","28":"tag-zinas"},"share_on_mastodon":{"url":"https:\/\/pubeurope.com\/@lv\/115866694054490549","error":""},"_links":{"self":[{"href":"https:\/\/www.europesays.com\/lv\/wp-json\/wp\/v2\/posts\/99663","targetHints":{"allow":["GET"]}}],"collection":[{"href":"https:\/\/www.europesays.com\/lv\/wp-json\/wp\/v2\/posts"}],"about":[{"href":"https:\/\/www.europesays.com\/lv\/wp-json\/wp\/v2\/types\/post"}],"author":[{"embeddable":true,"href":"https:\/\/www.europesays.com\/lv\/wp-json\/wp\/v2\/users\/2"}],"replies":[{"embeddable":true,"href":"https:\/\/www.europesays.com\/lv\/wp-json\/wp\/v2\/comments?post=99663"}],"version-history":[{"count":0,"href":"https:\/\/www.europesays.com\/lv\/wp-json\/wp\/v2\/posts\/99663\/revisions"}],"wp:featuredmedia":[{"embeddable":true,"href":"https:\/\/www.europesays.com\/lv\/wp-json\/wp\/v2\/media\/99664"}],"wp:attachment":[{"href":"https:\/\/www.europesays.com\/lv\/wp-json\/wp\/v2\/media?parent=99663"}],"wp:term":[{"taxonomy":"category","embeddable":true,"href":"https:\/\/www.europesays.com\/lv\/wp-json\/wp\/v2\/categories?post=99663"},{"taxonomy":"post_tag","embeddable":true,"href":"https:\/\/www.europesays.com\/lv\/wp-json\/wp\/v2\/tags?post=99663"}],"curies":[{"name":"wp","href":"https:\/\/api.w.org\/{rel}","templated":true}]}}