{"id":99665,"date":"2026-01-09T19:03:07","date_gmt":"2026-01-09T19:03:07","guid":{"rendered":"https:\/\/www.europesays.com\/lv\/99665\/"},"modified":"2026-01-09T19:03:07","modified_gmt":"2026-01-09T19:03:07","slug":"video-publiskots-bauskas-ielas-spradziena-video-1188-lv","status":"publish","type":"post","link":"https:\/\/www.europesays.com\/lv\/99665\/","title":{"rendered":"VIDEO: Publiskots Bauskas ielas spr\u0101dziena video &#8211; 1188.lv"},"content":{"rendered":"<ol>\n<li><a href=\"https:\/\/news.google.com\/rss\/articles\/CBMihgFBVV95cUxQQTlnSTlYT0JlNG1yS2x3LVVuVmVSYTJHUWdCcWx0TWJ4TDFfcHYyODZhaWZfMkZjMFVxMEY2MFhzY2lXVzJKbkdWLU5jSjlDdF9idDBDaG9hOG5HemJqVHR1RmJ0dnJ5YnlrNjFiVnVOc3VHUnJqMk1rd1dzYk9BNzZIMW1zZw?oc=5\" target=\"_blank\" rel=\"nofollow noopener\">VIDEO: Publiskots Bauskas ielas spr\u0101dziena video<\/a>&nbsp;&nbsp;1188.lv<\/li>\n<li><a href=\"https:\/\/news.google.com\/rss\/articles\/CBMijAFBVV95cUxOMHVrVmkwMlI5cklNaEtBNXNXUG5RYlVEOW9fTmVpYnd3VDVjWGNEdWxxcENNWWhNMlVEZWNvNWhJUk4tYTQ5anhnWnZwWEt1OTBMSnF4ajF3RkNKb0YwUW51dU9PX1ZfcEVEVEpIVFg4NWNGX2JCN2tfeHhMc0ItVWNuZUtQdGFmb0x4Rg?oc=5\" target=\"_blank\" rel=\"nofollow noopener\">Publiskots jauns Bauskas ielas spr\u0101dziena video<\/a>&nbsp;&nbsp;Jauns.lv<\/li>\n<li><a href=\"https:\/\/news.google.com\/rss\/articles\/CBMipAFBVV95cUxPUVZIdTZiRGdud1hZb01tQkhTVXB2NFdrT3l6SzBvZzBDYjRjOGkzdXZaWU40TWNNMGRSYmxxdnBMZ3FJTk93LW91MFp1aVI5cHJCOFM3N0NDZnY4LXkwZFRoQlA4YVpYMk9sR2MwMUVMU0syT0tTZDdIOXI1Z3VVZERJUmk1RmFOM1RlM2VjZzNSVjF6eWh5WVM0alA2M1BKYXZNeg?oc=5\" target=\"_blank\" rel=\"nofollow noopener\">VIDEO. V\u0113l trak\u0101k, nek\u0101 iedom\u0101j\u0101mies! Public\u0113ts g\u0101zes spr\u0101dziena video no Bauskas ielas<\/a>&nbsp;&nbsp;LA.LV<\/li>\n<li><a href=\"https:\/\/news.google.com\/rss\/articles\/CBMiqgFBVV95cUxQNU5mQ2ZEUkNCWlcwNFVlcVdhTGZORXE5UWdTSGhOZGlmZnl2aDBSYk5WbEpVOEIwLTdneWhJWUtZVGY3OURXRlZ5dFZMU1BQRV8ySzFZTTlOVXBmQkp1LTEtNEZFT1dQcHA5WmtoX1NYYjNCeVo0OXNzMkJ5cnEwd0RfRmlXTHFHdXFzUmdvN1pTZEg1WXBEb0FsT1c2N01ONzFJNW4teW1aQQ?oc=5\" target=\"_blank\" rel=\"nofollow noopener\">G\u0101zes spr\u0101dzien\u0101 cietu\u0161ajiem izmaks\u0101ti vair\u0101k nek\u0101 55 000 eiro<\/a>&nbsp;&nbsp;Delfi<\/li>\n<li><a href=\"https:\/\/news.google.com\/rss\/articles\/CBMi7AFBVV95cUxQOGlQaGN4RGJZV1pRTl91QUxtU25nbUNDVFk2OHZuSFV0S0VaUnhBRmNNbTUtTlZxWEhHN0FFSUIwNVotb1FNaF9mM1VvT29veGVTZVY2bWVrTi1MSEdzT2RKZWFyazR1Y2Y4TzRwaGlqZlk2cm15bE1PYzJ0TTFCdkhSWWNheTVZem1ONWJWT3VybXhMYV9HRjFkaVZtTENhYjhKbWFNSzJ6MkFfMHlCdWdWZ3NTVzdwYkhmdmpkdEZFdHAwQzVPNEM5THpqWnp2MDh3QWVmVm1FY3dBR3JfcE1yTjNycW91ak9MVQ?oc=5\" target=\"_blank\" rel=\"nofollow noopener\">Spr\u0101dzien\u0101 boj\u0101t\u0101s \u0113kas Bauskas iel\u0101 iedz\u012bvot\u0101jiem uz laiku neb\u016bs j\u0101maks\u0101 par \u00abGaso\u00bb pakalpojumiem<\/a>&nbsp;&nbsp;LSM<\/li>\n<\/ol>\n","protected":false},"excerpt":{"rendered":"VIDEO: Publiskots Bauskas ielas spr\u0101dziena video&nbsp;&nbsp;1188.lv Publiskots jauns Bauskas ielas spr\u0101dziena video&nbsp;&nbsp;Jauns.lv VIDEO. V\u0113l trak\u0101k, nek\u0101 iedom\u0101j\u0101mies! Public\u0113ts&hellip;\n","protected":false},"author":2,"featured_media":99666,"comment_status":"","ping_status":"","sticky":false,"template":"","format":"standard","meta":{"footnotes":""},"categories":[5],"tags":[129,24343,6984,4277,23,28,29,32,33,22,30,31,35,39,38,36,37,34,40,20,26,27,6985,4278,24344,6986,4279,24345,24,25,21],"class_list":{"0":"post-99665","1":"post","2":"type-post","3":"status-publish","4":"format-standard","5":"has-post-thumbnail","7":"category-aktualitates","8":"tag-__typenameadvicekeyword","9":"tag-id1527","10":"tag-id614","11":"tag-id876","12":"tag-aktualitates","13":"tag-breaking-news","14":"tag-breakingnews","15":"tag-featured-news","16":"tag-featurednews","17":"tag-headlines","18":"tag-latest-news","19":"tag-latestnews","20":"tag-latvia","21":"tag-latvian","22":"tag-latviesu","23":"tag-latviesu-valoda","24":"tag-latviesuvaloda","25":"tag-latvija","26":"tag-lv","27":"tag-news","28":"tag-popularakas-zinas","29":"tag-popularakaszinas","30":"tag-slugdabasgaze","31":"tag-slugriga","32":"tag-slugspradziens","33":"tag-titledabasgaze","34":"tag-titleriga","35":"tag-titlespradziens","36":"tag-top-stories","37":"tag-topstories","38":"tag-zinas"},"share_on_mastodon":{"url":"https:\/\/pubeurope.com\/@lv\/115866698012966603","error":""},"_links":{"self":[{"href":"https:\/\/www.europesays.com\/lv\/wp-json\/wp\/v2\/posts\/99665","targetHints":{"allow":["GET"]}}],"collection":[{"href":"https:\/\/www.europesays.com\/lv\/wp-json\/wp\/v2\/posts"}],"about":[{"href":"https:\/\/www.europesays.com\/lv\/wp-json\/wp\/v2\/types\/post"}],"author":[{"embeddable":true,"href":"https:\/\/www.europesays.com\/lv\/wp-json\/wp\/v2\/users\/2"}],"replies":[{"embeddable":true,"href":"https:\/\/www.europesays.com\/lv\/wp-json\/wp\/v2\/comments?post=99665"}],"version-history":[{"count":0,"href":"https:\/\/www.europesays.com\/lv\/wp-json\/wp\/v2\/posts\/99665\/revisions"}],"wp:featuredmedia":[{"embeddable":true,"href":"https:\/\/www.europesays.com\/lv\/wp-json\/wp\/v2\/media\/99666"}],"wp:attachment":[{"href":"https:\/\/www.europesays.com\/lv\/wp-json\/wp\/v2\/media?parent=99665"}],"wp:term":[{"taxonomy":"category","embeddable":true,"href":"https:\/\/www.europesays.com\/lv\/wp-json\/wp\/v2\/categories?post=99665"},{"taxonomy":"post_tag","embeddable":true,"href":"https:\/\/www.europesays.com\/lv\/wp-json\/wp\/v2\/tags?post=99665"}],"curies":[{"name":"wp","href":"https:\/\/api.w.org\/{rel}","templated":true}]}}