{"id":99667,"date":"2026-01-09T19:11:08","date_gmt":"2026-01-09T19:11:08","guid":{"rendered":"https:\/\/www.europesays.com\/lv\/99667\/"},"modified":"2026-01-09T19:11:08","modified_gmt":"2026-01-09T19:11:08","slug":"%e2%80%b3arsenal%e2%80%b3-ilgtermina-ligumu-nosledz-ari-ar-saku-futbols-sportacentrs-com","status":"publish","type":"post","link":"https:\/\/www.europesays.com\/lv\/99667\/","title":{"rendered":"\u2033Arsenal\u2033 ilgtermi\u0146a l\u012bgumu nosl\u0113dz ar\u012b ar Saku \u2013 Futbols \u2013 Sportacentrs.com"},"content":{"rendered":"<p>Anglijas izlases uzbruc\u0113jam ar Londonas klubu sp\u0113k\u0101 bija l\u012bgums l\u012bdz 2027. gadam, bet \u2033Arsenal\u2033 ar vi\u0146u nosl\u0113gusi jaunu piecu gadu vieno\u0161anos. L\u012bdz ar to vi\u0146a n\u0101kamais l\u012bgums iztec\u0113s 2032. gad\u0101.<\/p>\n<p>K\u0101 v\u0113st\u012b \u2033The Guardian\u2033, jaun\u0101 l\u012bguma ietvaros Sakas alga par sezonu p\u0101rsnieg\u0161ot 15 miljonus sterli\u0146u m\u0101rci\u0146u (17,3 miljoni eiro).<\/p>\n<p>\u2033Arsenal\u2033 \u0161aj\u0101 vasar\u0101 jau parakst\u012bja ilgtermi\u0146a l\u012bgumus ar t\u0101diem sp\u0113l\u0113t\u0101jiem k\u0101 Viljams Saliba, Gabriels Maga\u013caiss, \u012atens Nvaneri un Mailss Luiss-Skelijs.<\/p>\n<p>Saka \u0161aj\u0101 Premjerl\u012bgas sezon\u0101 19 ma\u010dos atz\u012bm\u0113jies ar \u010detriem v\u0101rtiem un tikpat rezultat\u012bv\u0101m piesp\u0113l\u0113m.<\/p>\n<p>Izmantotie resursi:<br \/><a target=\"_blank\" href=\"https:\/\/www.bbc.com\/sport\/football\/articles\/cy7mxz17gnlo\" rel=\"nofollow noopener\">https:\/\/www.bbc.com\/sport\/football\/&#8230;<\/a><\/p>\n","protected":false},"excerpt":{"rendered":"Anglijas izlases uzbruc\u0113jam ar Londonas klubu sp\u0113k\u0101 bija l\u012bgums l\u012bdz 2027. gadam, bet \u2033Arsenal\u2033 ar vi\u0146u nosl\u0113gusi jaunu&hellip;\n","protected":false},"author":2,"featured_media":99668,"comment_status":"","ping_status":"","sticky":false,"template":"","format":"standard","meta":{"footnotes":""},"categories":[17],"tags":[676,35,39,38,36,37,34,40,67],"class_list":{"0":"post-99667","1":"post","2":"type-post","3":"status-publish","4":"format-standard","5":"has-post-thumbnail","7":"category-sports","8":"tag-futbols","9":"tag-latvia","10":"tag-latvian","11":"tag-latviesu","12":"tag-latviesu-valoda","13":"tag-latviesuvaloda","14":"tag-latvija","15":"tag-lv","16":"tag-sports"},"share_on_mastodon":{"url":"https:\/\/pubeurope.com\/@lv\/115866729370543054","error":""},"_links":{"self":[{"href":"https:\/\/www.europesays.com\/lv\/wp-json\/wp\/v2\/posts\/99667","targetHints":{"allow":["GET"]}}],"collection":[{"href":"https:\/\/www.europesays.com\/lv\/wp-json\/wp\/v2\/posts"}],"about":[{"href":"https:\/\/www.europesays.com\/lv\/wp-json\/wp\/v2\/types\/post"}],"author":[{"embeddable":true,"href":"https:\/\/www.europesays.com\/lv\/wp-json\/wp\/v2\/users\/2"}],"replies":[{"embeddable":true,"href":"https:\/\/www.europesays.com\/lv\/wp-json\/wp\/v2\/comments?post=99667"}],"version-history":[{"count":0,"href":"https:\/\/www.europesays.com\/lv\/wp-json\/wp\/v2\/posts\/99667\/revisions"}],"wp:featuredmedia":[{"embeddable":true,"href":"https:\/\/www.europesays.com\/lv\/wp-json\/wp\/v2\/media\/99668"}],"wp:attachment":[{"href":"https:\/\/www.europesays.com\/lv\/wp-json\/wp\/v2\/media?parent=99667"}],"wp:term":[{"taxonomy":"category","embeddable":true,"href":"https:\/\/www.europesays.com\/lv\/wp-json\/wp\/v2\/categories?post=99667"},{"taxonomy":"post_tag","embeddable":true,"href":"https:\/\/www.europesays.com\/lv\/wp-json\/wp\/v2\/tags?post=99667"}],"curies":[{"name":"wp","href":"https:\/\/api.w.org\/{rel}","templated":true}]}}