{"id":99669,"date":"2026-01-09T19:16:08","date_gmt":"2026-01-09T19:16:08","guid":{"rendered":"https:\/\/www.europesays.com\/lv\/99669\/"},"modified":"2026-01-09T19:16:08","modified_gmt":"2026-01-09T19:16:08","slug":"apcer-cilveka-muza-meklejumu-celu-izskan-aleksandras-spicbergas-jaunais-garigas-muzikas-koncertuzvedums-diena","status":"publish","type":"post","link":"https:\/\/www.europesays.com\/lv\/99669\/","title":{"rendered":"Apcer cilv\u0113ka m\u016b\u017ea mekl\u0113jumu ce\u013cu. Izskan Aleksandras \u0160picbergas jaunais gar\u012bg\u0101s m\u016bzikas koncertuzvedums \/ Diena"},"content":{"rendered":"<p>Cikla jaunaj\u0101 programm\u0101 Es esmu ce\u013c\u0161 l\u012bdz ar pa\u0161u Aleksandru piedal\u0101s vi\u0146as izveidot\u0101 v\u012bru vok\u0101l\u0101 grupa un z\u0113nu vok\u0101l\u0101 grupa Puikas, vijolnieks Aleksejs Ko\u013ces\u0146ikovs, sitaminstrument\u0101lists Ernests Medi\u0146\u0161 un \u0123it\u0101rists Vladimirs Kudrins. Gaismu re\u017eija \u2013 Ivars V\u0101cers. Re\u017eisore un producente ir M\u0101ra \u0160picberga. Pirmizr\u0101dei, kas notika 4. janv\u0101r\u012b R\u012bgas Vecaj\u0101 \u0122ertr\u016bdes bazn\u012bc\u0101, sekos koncerti Valmier\u0101, Sv. S\u012bma\u0146a eva\u0146\u0123\u0113liski luteriskaj\u0101 bazn\u012bc\u0101 10. janv\u0101r\u012b plkst. 18.00 (Valmieras M\u016bzikas skolas Starptautiskaj\u0101 Ziemas m\u016bzikas festiv\u0101l\u0101 Ar sakn\u0113m zem\u0113 un m\u016bziku dv\u0113sel\u0113) un Jelgavas Sv. Annas eva\u0146\u0123\u0113liski luteriskaj\u0101 bazn\u012bc\u0101 28. febru\u0101r\u012b plkst. 18.00.<\/p>\n<p>&#13;<br \/>\n&#13;<\/p>\n<p>Cikla Laiks. Tu. L\u016bg\u0161ana programmu ass ir Latvij\u0101 maz zin\u0101mi da\u017e\u0101du trad\u012bciju gar\u012bgie dzied\u0101jumi no visas pasaules. Turpinot ori\u0123in\u0101lus risin\u0101jumus gar\u012bg\u0101s un laikmet\u012bg\u0101s m\u016bzikas sint\u0113zei, jaunaj\u0101 programm\u0101 iek\u013cauti da\u017e\u0101du gadsimtu bazn\u012bcas dzied\u0101jumi, tautas m\u016bzika, klasisk\u0101 un laikmet\u012bg\u0101 m\u016bzika, tostarp m\u016bzika no film\u0101m, kant\u0101t\u0113m un oper\u0101m. Dzied\u0101jumi skan\u0113s ang\u013cu, v\u0101cu, lat\u012b\u0146u, grie\u0137u, gruz\u012bnu, romu, bazn\u012bcsl\u0101vu un latvie\u0161u valod\u0101. Laikmet\u012bgo instrument\u0101lo m\u016bziku p\u0101rst\u0101v ukrai\u0146u komponista Valent\u012bna Silvestrova opuss vijolei Hommage \u00e0 J. S. B. Interesanti b\u016bs dzird\u0113t igau\u0146u m\u016bzikas lielmeistara Arvo Perta kordarba Which Was the Son\u2026 p\u0101rlikumu v\u012bru bals\u012bm. A. \u0160picberga atkl\u0101j, ka l\u012bdz\u0101s klasisk\u0101s m\u016bzikas p\u0113rl\u0113m \u2013 Sv\u0113tce\u013cnieku korim no Riharda V\u0101gnera operas Tanheizers un L\u016bg\u0161anai no Andreja Jurj\u0101na kant\u0101tes T\u0113vijai \u2013 skan\u0113s \u0161eit v\u0113l nedzird\u0113ta m\u016bzika: sens koptu dzied\u0101jums, romu l\u016bg\u0161ana, abh\u0101zu tautas melodija.<\/p>\n<p>&#13;<br \/>\n&#13;<\/p>\n<p>Aleksandra \u0160picberga ir spilgta un daudzpus\u012bga dzied\u0101t\u0101ja, kurai vienl\u012bdz tuva ir k\u0101 akad\u0113misk\u0101, t\u0101 bazn\u012bcas un tautas m\u016bzika. Vi\u0146a akt\u012bvi koncert\u0113, tostarp ar\u012b dejo, dzied kamerkor\u012b Ave Sol, ir izveidojusi un vada z\u0113nu vok\u0101lo grupu Puikas un v\u012bru vok\u0101lo grupu. Izdoti tr\u012bs soloalbumi. Koncertuzvedums Nest\u0101stot nov\u0113rt\u0113ts ar LSM balvu Kilograms kult\u016bras. A. \u0160picberga \u0161obr\u012bd stud\u0113 J\u0101zepa V\u012btola Latvijas M\u016bzikas akad\u0113mij\u0101 prof. Andra Veisma\u0146a kora diri\u0123\u0113\u0161anas klas\u0113.<\/p>\n<p>&#13;<br \/>\n&#13;<\/p>\n<p>&#8220;Ce\u013ca b\u016btisk\u0101k\u0101 dimensija ir laiks. Ce\u013c\u0161 turpin\u0101s visu m\u016b\u017eu. M\u016bsu m\u016b\u017ea g\u0101juma k\u0101pumi, kritumi un pagriezieni \u2013 tas viss veido m\u016bs par cilv\u0113kiem,&#8221; saka uzveduma re\u017eisore M\u0101ra \u0160picberga.<\/p>\n<p>&#13;<br \/>\n&#13;<\/p>\n<p>Bi\u013cetes nop\u0113rkamas Bi\u013ce\u0161u parad\u012bz\u0113.<\/p>\n<p>&#13;<\/p>\n","protected":false},"excerpt":{"rendered":"Cikla jaunaj\u0101 programm\u0101 Es esmu ce\u013c\u0161 l\u012bdz ar pa\u0161u Aleksandru piedal\u0101s vi\u0146as izveidot\u0101 v\u012bru vok\u0101l\u0101 grupa un z\u0113nu&hellip;\n","protected":false},"author":2,"featured_media":99670,"comment_status":"","ping_status":"","sticky":false,"template":"","format":"standard","meta":{"footnotes":""},"categories":[19],"tags":[89,90,35,39,38,36,37,34,40],"class_list":{"0":"post-99669","1":"post","2":"type-post","3":"status-publish","4":"format-standard","5":"has-post-thumbnail","7":"category-izklaide","8":"tag-entertainment","9":"tag-izklaide","10":"tag-latvia","11":"tag-latvian","12":"tag-latviesu","13":"tag-latviesu-valoda","14":"tag-latviesuvaloda","15":"tag-latvija","16":"tag-lv"},"share_on_mastodon":{"url":"https:\/\/pubeurope.com\/@lv\/115866749184689659","error":""},"_links":{"self":[{"href":"https:\/\/www.europesays.com\/lv\/wp-json\/wp\/v2\/posts\/99669","targetHints":{"allow":["GET"]}}],"collection":[{"href":"https:\/\/www.europesays.com\/lv\/wp-json\/wp\/v2\/posts"}],"about":[{"href":"https:\/\/www.europesays.com\/lv\/wp-json\/wp\/v2\/types\/post"}],"author":[{"embeddable":true,"href":"https:\/\/www.europesays.com\/lv\/wp-json\/wp\/v2\/users\/2"}],"replies":[{"embeddable":true,"href":"https:\/\/www.europesays.com\/lv\/wp-json\/wp\/v2\/comments?post=99669"}],"version-history":[{"count":0,"href":"https:\/\/www.europesays.com\/lv\/wp-json\/wp\/v2\/posts\/99669\/revisions"}],"wp:featuredmedia":[{"embeddable":true,"href":"https:\/\/www.europesays.com\/lv\/wp-json\/wp\/v2\/media\/99670"}],"wp:attachment":[{"href":"https:\/\/www.europesays.com\/lv\/wp-json\/wp\/v2\/media?parent=99669"}],"wp:term":[{"taxonomy":"category","embeddable":true,"href":"https:\/\/www.europesays.com\/lv\/wp-json\/wp\/v2\/categories?post=99669"},{"taxonomy":"post_tag","embeddable":true,"href":"https:\/\/www.europesays.com\/lv\/wp-json\/wp\/v2\/tags?post=99669"}],"curies":[{"name":"wp","href":"https:\/\/api.w.org\/{rel}","templated":true}]}}