{"id":99671,"date":"2026-01-09T19:17:12","date_gmt":"2026-01-09T19:17:12","guid":{"rendered":"https:\/\/www.europesays.com\/lv\/99671\/"},"modified":"2026-01-09T19:17:12","modified_gmt":"2026-01-09T19:17:12","slug":"klausitava-lv-basketbols-gada-balva-2025","status":"publish","type":"post","link":"https:\/\/www.europesays.com\/lv\/99671\/","title":{"rendered":"Klaus\u012btava | &#8221;LV basketbols&#8221;: Gada balva 2025"},"content":{"rendered":"<p>    Klaus\u012btava | &#8221;LV basketbols&#8221;: Gada balva 2025 &#8211; Porzi\u0146\u0123is, Valdis Valters, gada ne-basketbolists &amp; paldies kartelim \u2013 Klaus\u012btava \u2013 Sportacentrs.com<\/p>\n<p>\n            Layout: current: getContentLayout (Cid: Cache\\Templating\\LayoutCustomizations\\Esports\\CustomizationSource641 ), alternative: getContentLayout (Cid: Cache\\Templating\\LayoutCustomizations\\Esports\\CustomizationSource641), Fid:2963, Did:0, useCase: 3\n<\/p>\n<p>                <a href=\"https:\/\/sportacentrs.com\/\" name=\"top\" class=\"m-2 d-inline-flex align-items-center\" rel=\"nofollow noopener\" target=\"_blank\"><br \/>\n                    <img decoding=\"async\" src=\"https:\/\/www.europesays.com\/lv\/wp-content\/uploads\/2025\/09\/sportacentrs_logo_84x45.png\" alt=\"sportacentrs.com\"\/><br \/>\n                <\/a><\/p>\n<p>\n                    Aktu\u0101li\n                <\/p>\n<p>\n                    Sporta veidi\n                <\/p>\n<p>\n                    Inform\u0101cija\n                <\/p>\n<p>\n                    Raid\u012bjumi\n                <\/p>\n<p>\n                    Da\u017e\u0101di\n                <\/p>\n<p>                                    <img decoding=\"async\" src=\"https:\/\/www.europesays.com\/lv\/wp-content\/uploads\/2025\/09\/avatar-blank.gif\" class=\"figure-img img-fluid rounded\" alt=\"Valters \u017dagata\"\/><\/p>\n<p>        <a href=\"https:\/\/i4.tiesraides.lv\/1200x0s\/pictures\/2026-01-09\/d28e_maxresdefault_34.jpg\" class=\"fancybox d-block\" rel=\"nofollow noopener\" target=\"_blank\"><br \/>\n            <img decoding=\"async\" src=\"https:\/\/www.europesays.com\/lv\/wp-content\/uploads\/2026\/01\/d28e_maxresdefault_34.jpg\" alt=\"Klaus\u012btava | ''LV basketbols'': Gada balva 2025 - Porzi\u0146\u0123is, Valdis Valters, gada ne-basketbolists &amp; paldies kartelim\" style=\"width:100%;\" class=\"figure-img img-fluid img-thumbnail\"\/><br \/>\n        <\/a><\/p>\n<p>LV basketbols Gada balva 2025: podk\u0101sta kom\u016bnas balsojum\u0101 noskaidroti lab\u0101kie 15 da\u017e\u0101d\u0101s nomin\u0101cij\u0101s! Gada basketbolists, gada komanda, gada treneris, k\u0101 ar\u012b gada lab\u0101k\u0101 podk\u0101sta epizode un citas nomin\u0101cijas.<\/p>\n<p><a href=\"https:\/\/www.facebook.com\/sharer.php?u=https%3A%2F%2Fsportacentrs.com%2Fklausitava%2F09012026-klausitava_lv_basketbols_gada_balva_2025_\" data-share=\"1\" class=\"nav-item nav-link text-center share facebook\" rel=\"nofollow noopener\" target=\"_blank\"><\/a><br \/>\n    <a href=\"https:\/\/twitter.com\/share?url=https%3A%2F%2Fsportacentrs.com%2Fklausitava%2F09012026-klausitava_lv_basketbols_gada_balva_2025_\" data-share=\"1\" class=\"nav-item nav-link text-center twitter\" target=\"_blank\" rel=\"nofollow noopener\"><\/a><br \/>\n    <a href=\"https:\/\/www.draugiem.lv\/say\/ext\/add.php?url=https%3A%2F%2Fsportacentrs.com%2Fklausitava%2F09012026-klausitava_lv_basketbols_gada_balva_2025_&amp;title=Klaus%C4%ABtava%20%7C%20%27%27LV%20basketbols%27%27%3A%20Gada%20balva%202025%20-%20Porzi%C5%86%C4%A3is%2C%20Valdis%20Valters%2C%20gada%20ne-basketbolists%20%26%20paldies%20kartelim\" data-share=\"1\" class=\"nav-item nav-link text-center draugiem\" target=\"_blank\" rel=\"nofollow noopener\"><\/a><\/p>\n<p><img loading=\"lazy\" decoding=\"async\" src=\"https:\/\/www.europesays.com\/lv\/wp-content\/uploads\/2026\/01\/1767986232_537_seg.gif\" width=\"1\" height=\"1\" alt=\"\"\/><\/p>\n<p><script async src=\"https:\/\/platform.twitter.com\/widgets.js\" charset=\"utf-8\"><\/script><\/p>\n","protected":false},"excerpt":{"rendered":"Klaus\u012btava | &#8221;LV basketbols&#8221;: Gada balva 2025 &#8211; Porzi\u0146\u0123is, Valdis Valters, gada ne-basketbolists &amp; paldies kartelim \u2013 Klaus\u012btava&hellip;\n","protected":false},"author":2,"featured_media":99672,"comment_status":"","ping_status":"","sticky":false,"template":"","format":"standard","meta":{"footnotes":""},"categories":[17],"tags":[1570,35,39,38,36,37,34,40,67],"class_list":{"0":"post-99671","1":"post","2":"type-post","3":"status-publish","4":"format-standard","5":"has-post-thumbnail","7":"category-sports","8":"tag-klausitava","9":"tag-latvia","10":"tag-latvian","11":"tag-latviesu","12":"tag-latviesu-valoda","13":"tag-latviesuvaloda","14":"tag-latvija","15":"tag-lv","16":"tag-sports"},"share_on_mastodon":{"url":"https:\/\/pubeurope.com\/@lv\/115866752976795210","error":""},"_links":{"self":[{"href":"https:\/\/www.europesays.com\/lv\/wp-json\/wp\/v2\/posts\/99671","targetHints":{"allow":["GET"]}}],"collection":[{"href":"https:\/\/www.europesays.com\/lv\/wp-json\/wp\/v2\/posts"}],"about":[{"href":"https:\/\/www.europesays.com\/lv\/wp-json\/wp\/v2\/types\/post"}],"author":[{"embeddable":true,"href":"https:\/\/www.europesays.com\/lv\/wp-json\/wp\/v2\/users\/2"}],"replies":[{"embeddable":true,"href":"https:\/\/www.europesays.com\/lv\/wp-json\/wp\/v2\/comments?post=99671"}],"version-history":[{"count":0,"href":"https:\/\/www.europesays.com\/lv\/wp-json\/wp\/v2\/posts\/99671\/revisions"}],"wp:featuredmedia":[{"embeddable":true,"href":"https:\/\/www.europesays.com\/lv\/wp-json\/wp\/v2\/media\/99672"}],"wp:attachment":[{"href":"https:\/\/www.europesays.com\/lv\/wp-json\/wp\/v2\/media?parent=99671"}],"wp:term":[{"taxonomy":"category","embeddable":true,"href":"https:\/\/www.europesays.com\/lv\/wp-json\/wp\/v2\/categories?post=99671"},{"taxonomy":"post_tag","embeddable":true,"href":"https:\/\/www.europesays.com\/lv\/wp-json\/wp\/v2\/tags?post=99671"}],"curies":[{"name":"wp","href":"https:\/\/api.w.org\/{rel}","templated":true}]}}