{"id":99678,"date":"2026-01-09T19:31:07","date_gmt":"2026-01-09T19:31:07","guid":{"rendered":"https:\/\/www.europesays.com\/lv\/99678\/"},"modified":"2026-01-09T19:31:07","modified_gmt":"2026-01-09T19:31:07","slug":"iranas-gazta-saha-dels-aicina-trampu-iejaukties","status":"publish","type":"post","link":"https:\/\/www.europesays.com\/lv\/99678\/","title":{"rendered":"Ir\u0101nas g\u0101zt\u0101 \u0161aha d\u0113ls aicina Trampu iejaukties"},"content":{"rendered":"<p>&#8220;Prezidenta kungs, \u0161is ir steidzams un t\u016bl\u012bt\u0113js aicin\u0101jums piev\u0113rst J\u016bsu uzman\u012bbu, atbalst\u012bt un r\u012bkoties,&#8221; soci\u0101lajos t\u012bklos raksta Pahlavi. &#8220;L\u016bdzu, esiet gatavs iejaukties, lai pal\u012bdz\u0113tu Ir\u0101nas tautai.&#8221;<\/p>\n<p>Pahlavi, kur\u0161 dz\u012bvo Va\u0161ingtonas apkaim\u0113, nepreciz\u0113ja, k\u0101du iejauk\u0161anos vi\u0146\u0161 l\u016bdz, bet nor\u0101d\u012bja gan uz interneta atsl\u0113g\u0161anu, gan draudiem izmantot sp\u0113ku pret protest\u0113t\u0101jiem.<\/p>\n<p>&#8220;Es esmu aicin\u0101jis tautu iziet iel\u0101s, lai c\u012bn\u012btos par savu br\u012bv\u012bbu un ar savu skaitu p\u0101rsp\u0113tu dro\u0161\u012bbas sp\u0113kus. Pag\u0101ju\u0161aj\u0101 nakt\u012b vi\u0146i to izdar\u012bja,&#8221; vi\u0146\u0161 rakst\u012bja.<\/p>\n<p>&#8220;J\u016bsu draudi \u0161im noziedz\u012bgajam re\u017e\u012bmam ar\u012b ir attur\u0113ju\u0161i re\u017e\u012bma band\u012btus. Ta\u010du laiks ir \u013coti svar\u012bgs. P\u0113c stundas cilv\u0113ki atkal b\u016bs iel\u0101s. Es l\u016bdzu j\u016bs pal\u012bdz\u0113t,&#8221; raksta Pahlavi.<\/p>\n<p>Tramps draud\u0113jis ar milit\u0101ru r\u012bc\u012bbu, ja varasiest\u0101des nogalin\u0101s protest\u0113t\u0101jus, kas izg\u0101ju\u0161i iel\u0101s masu protestos.<\/p>\n<p>Saska\u0146\u0101 ar Oslo b\u0101z\u0113t\u0101s cilv\u0113kties\u012bbu organiz\u0101cijas &#8220;Iran Human Rights&#8221; datiem kop\u0161 protestu s\u0101kuma sadursm\u0113s ar varasiest\u0101d\u0113m ir nogalin\u0101ti vismaz 50 cilv\u0113ki.<\/p>\n","protected":false},"excerpt":{"rendered":"&#8220;Prezidenta kungs, \u0161is ir steidzams un t\u016bl\u012bt\u0113js aicin\u0101jums piev\u0113rst J\u016bsu uzman\u012bbu, atbalst\u012bt un r\u012bkoties,&#8221; soci\u0101lajos t\u012bklos raksta Pahlavi.&hellip;\n","protected":false},"author":2,"featured_media":99679,"comment_status":"","ping_status":"","sticky":false,"template":"","format":"standard","meta":{"footnotes":""},"categories":[14],"tags":[23,57,292,28,29,542,32,33,22,2562,30,31,35,39,38,36,37,34,40,20,26,27,24,25,54,55,56,21,58],"class_list":{"0":"post-99678","1":"post","2":"type-post","3":"status-publish","4":"format-standard","5":"has-post-thumbnail","7":"category-zinas-no-arvalstim","8":"tag-aktualitates","9":"tag-arvalstim","10":"tag-asv","11":"tag-breaking-news","12":"tag-breakingnews","13":"tag-donalds-tramps","14":"tag-featured-news","15":"tag-featurednews","16":"tag-headlines","17":"tag-irana","18":"tag-latest-news","19":"tag-latestnews","20":"tag-latvia","21":"tag-latvian","22":"tag-latviesu","23":"tag-latviesu-valoda","24":"tag-latviesuvaloda","25":"tag-latvija","26":"tag-lv","27":"tag-news","28":"tag-popularakas-zinas","29":"tag-popularakaszinas","30":"tag-top-stories","31":"tag-topstories","32":"tag-world","33":"tag-world-news","34":"tag-worldnews","35":"tag-zinas","36":"tag-zinas-no-arvalstim"},"share_on_mastodon":{"url":"https:\/\/pubeurope.com\/@lv\/115866808000785116","error":""},"_links":{"self":[{"href":"https:\/\/www.europesays.com\/lv\/wp-json\/wp\/v2\/posts\/99678","targetHints":{"allow":["GET"]}}],"collection":[{"href":"https:\/\/www.europesays.com\/lv\/wp-json\/wp\/v2\/posts"}],"about":[{"href":"https:\/\/www.europesays.com\/lv\/wp-json\/wp\/v2\/types\/post"}],"author":[{"embeddable":true,"href":"https:\/\/www.europesays.com\/lv\/wp-json\/wp\/v2\/users\/2"}],"replies":[{"embeddable":true,"href":"https:\/\/www.europesays.com\/lv\/wp-json\/wp\/v2\/comments?post=99678"}],"version-history":[{"count":0,"href":"https:\/\/www.europesays.com\/lv\/wp-json\/wp\/v2\/posts\/99678\/revisions"}],"wp:featuredmedia":[{"embeddable":true,"href":"https:\/\/www.europesays.com\/lv\/wp-json\/wp\/v2\/media\/99679"}],"wp:attachment":[{"href":"https:\/\/www.europesays.com\/lv\/wp-json\/wp\/v2\/media?parent=99678"}],"wp:term":[{"taxonomy":"category","embeddable":true,"href":"https:\/\/www.europesays.com\/lv\/wp-json\/wp\/v2\/categories?post=99678"},{"taxonomy":"post_tag","embeddable":true,"href":"https:\/\/www.europesays.com\/lv\/wp-json\/wp\/v2\/tags?post=99678"}],"curies":[{"name":"wp","href":"https:\/\/api.w.org\/{rel}","templated":true}]}}