{"id":99773,"date":"2026-01-09T21:33:08","date_gmt":"2026-01-09T21:33:08","guid":{"rendered":"https:\/\/www.europesays.com\/lv\/99773\/"},"modified":"2026-01-09T21:33:08","modified_gmt":"2026-01-09T21:33:08","slug":"nmpd-atrod-mirusu-cilveku-otrs-parsalis","status":"publish","type":"post","link":"https:\/\/www.europesays.com\/lv\/99773\/","title":{"rendered":"NMPD atrod miru\u0161u cilv\u0113ku, otrs \u2013 p\u0101rsalis"},"content":{"rendered":"<p>K\u0101 a\u0123ent\u016brai LETA apstiprin\u0101ja Neatliekam\u0101s medic\u012bnisk\u0101s pal\u012bdz\u012bbas dienest\u0101 (<a href=\"https:\/\/www.apollo.lv\/term\/555550\/nmpd\" class=\"topicLink\" target=\"_blank\" rel=\"nofollow noopener\">NMPD<\/a>), \u0161oned\u0113\u013c medi\u0137i sa\u0146\u0113ma zvanu no k\u0101da iedz\u012bvot\u0101ja, kas paman\u012bjis, ka jau vair\u0101kas dienas nav redz\u0113ti kaimi\u0146i, kuriem vajadz\u0113tu b\u016bt m\u0101j\u0101s.<\/p>\n<p>Notikuma viet\u0101 NMPD medi\u0137i konstat\u0113ju\u0161i, ka divi cilv\u0113ki ilgsto\u0161i bija atradu\u0161ies nekurin\u0101t\u0101 dz\u012bvesviet\u0101, k\u0101 rezult\u0101t\u0101 vienu ar smagu \u0137erme\u0146a atdzi\u0161anu nog\u0101d\u0101ja slimn\u012bc\u0101, bet otram konstat\u0113ja n\u0101vi.<\/p>\n<p>Aukstaj\u0101 laik\u0101 NMPD aicina bie\u017e\u0101k piezvan\u012bt un apraudz\u012bt vientu\u013cos, gados vec\u0101kos cilv\u0113kus vai tos, kuriem ir k\u0101das hroniskas saslim\u0161anas vai citas vesel\u012bbas probl\u0113mas, lai p\u0101rliecin\u0101tos, ka vi\u0146iem nav nepiecie\u0161ama pal\u012bdz\u012bba, piem\u0113ram, sanest malku, sag\u0101d\u0101t p\u0101rtiku un sadz\u012bv\u0113 nepiecie\u0161am\u0101s lietas ilg\u0101kam periodam, lai viegl\u0101k veikt ikdienas darbus un nav lieki j\u0101dodas aukstum\u0101.<\/p>\n","protected":false},"excerpt":{"rendered":"K\u0101 a\u0123ent\u016brai LETA apstiprin\u0101ja Neatliekam\u0101s medic\u012bnisk\u0101s pal\u012bdz\u012bbas dienest\u0101 (NMPD), \u0161oned\u0113\u013c medi\u0137i sa\u0146\u0113ma zvanu no k\u0101da iedz\u012bvot\u0101ja, kas paman\u012bjis,&hellip;\n","protected":false},"author":2,"featured_media":99774,"comment_status":"","ping_status":"","sticky":false,"template":"","format":"standard","meta":{"footnotes":""},"categories":[5],"tags":[5869,23,28,29,32,33,22,30,31,35,39,38,36,37,34,40,20,3938,26,27,24,25,21],"class_list":{"0":"post-99773","1":"post","2":"type-post","3":"status-publish","4":"format-standard","5":"has-post-thumbnail","7":"category-aktualitates","8":"tag-ziema","9":"tag-aktualitates","10":"tag-breaking-news","11":"tag-breakingnews","12":"tag-featured-news","13":"tag-featurednews","14":"tag-headlines","15":"tag-latest-news","16":"tag-latestnews","17":"tag-latvia","18":"tag-latvian","19":"tag-latviesu","20":"tag-latviesu-valoda","21":"tag-latviesuvaloda","22":"tag-latvija","23":"tag-lv","24":"tag-news","25":"tag-nmpd","26":"tag-popularakas-zinas","27":"tag-popularakaszinas","28":"tag-top-stories","29":"tag-topstories","30":"tag-zinas"},"share_on_mastodon":{"url":"https:\/\/pubeurope.com\/@lv\/115867287819784192","error":""},"_links":{"self":[{"href":"https:\/\/www.europesays.com\/lv\/wp-json\/wp\/v2\/posts\/99773","targetHints":{"allow":["GET"]}}],"collection":[{"href":"https:\/\/www.europesays.com\/lv\/wp-json\/wp\/v2\/posts"}],"about":[{"href":"https:\/\/www.europesays.com\/lv\/wp-json\/wp\/v2\/types\/post"}],"author":[{"embeddable":true,"href":"https:\/\/www.europesays.com\/lv\/wp-json\/wp\/v2\/users\/2"}],"replies":[{"embeddable":true,"href":"https:\/\/www.europesays.com\/lv\/wp-json\/wp\/v2\/comments?post=99773"}],"version-history":[{"count":0,"href":"https:\/\/www.europesays.com\/lv\/wp-json\/wp\/v2\/posts\/99773\/revisions"}],"wp:featuredmedia":[{"embeddable":true,"href":"https:\/\/www.europesays.com\/lv\/wp-json\/wp\/v2\/media\/99774"}],"wp:attachment":[{"href":"https:\/\/www.europesays.com\/lv\/wp-json\/wp\/v2\/media?parent=99773"}],"wp:term":[{"taxonomy":"category","embeddable":true,"href":"https:\/\/www.europesays.com\/lv\/wp-json\/wp\/v2\/categories?post=99773"},{"taxonomy":"post_tag","embeddable":true,"href":"https:\/\/www.europesays.com\/lv\/wp-json\/wp\/v2\/tags?post=99773"}],"curies":[{"name":"wp","href":"https:\/\/api.w.org\/{rel}","templated":true}]}}