{"id":99779,"date":"2026-01-09T21:47:08","date_gmt":"2026-01-09T21:47:08","guid":{"rendered":"https:\/\/www.europesays.com\/lv\/99779\/"},"modified":"2026-01-09T21:47:08","modified_gmt":"2026-01-09T21:47:08","slug":"birkentals-un-rastorgujevs-nodrosina-vietu-biatlona-pasaules-kausa-iedzisanas-sacensibas-vacija-lente-lv","status":"publish","type":"post","link":"https:\/\/www.europesays.com\/lv\/99779\/","title":{"rendered":"Birkent\u0101ls un Rastorgujevs nodro\u0161ina vietu biatlona Pasaules kausa iedz\u012b\u0161anas sacens\u012bb\u0101s V\u0101cij\u0101\u00a0\u2014\u00a0Lente.lv"},"content":{"rendered":"<p>Latvie\u0161u sportisti sasniedz kvalifik\u0101cijas m\u0113r\u0137i V\u0101cij\u0101<\/p>\n<p>Latvijas biatlonisti Ren\u0101rs Birkent\u0101ls un Andrejs Rastorgujevs ceturtdien V\u0101cij\u0101, Pasaules kausa ceturtaj\u0101 posm\u0101, desmit kilometru sprint\u0101 izc\u012bn\u012bja 32. un 42. vietu, t\u0101d\u0113j\u0101di nodro\u0161inot sev dal\u012bbu sestdien gaid\u0101maj\u0101s iedz\u012b\u0161anas sacens\u012bb\u0101s. K\u0101 zi\u0146o telekan\u0101ls TV3, Edgars Mise ierindoj\u0101s 76. poz\u012bcij\u0101 un nekvalific\u0113j\u0101s iedz\u012b\u0161anai. \u0160\u012bs sacens\u012bbas Oberhof\u0101 s\u0101k\u0101s ar piemi\u0146as br\u012bdi miru\u0161ajam Norv\u0113\u0123ijas biatlonistam S\u012bvertam Gutormam Bakenam, kur\u0161 bija tuvs draugs sacens\u012bbu uzvar\u0113t\u0101jam Tommaso D\u017eakomelim.<\/p>\n<p>Birkent\u0101la stabil\u0101 snieguma un Rastorgujeva izaicin\u0101jumi<\/p>\n<p>Ren\u0101rs Birkent\u0101ls, veicot pa vienam soda aplim gan gu\u013cus, gan st\u0101vus \u0161au\u0161an\u0101, fini\u0161\u0113ja 32. viet\u0101, kas vi\u0146am nodro\u0161in\u0101ja Pasaules kausa ieskaites punktus. Andrejs Rastorgujevs, kur\u0161 \u0161osezon v\u0113l nav demonstr\u0113jis savu optim\u0101lo sl\u0113pojuma tempu, pirmaj\u0101 \u0161au\u0161an\u0101 bija prec\u012bzs. Diem\u017e\u0113l divas k\u013c\u016bdas st\u0101vus poz\u012bcij\u0101 liedza vi\u0146am pak\u0101pties augst\u0101k par 42. vietu un nopeln\u012bt punktus kopv\u0113rt\u0113jum\u0101. Lai gan Rastorgujevam nelabv\u0113l\u012bgi tr\u0101p\u012bj\u0101s p\u0113d\u0113jie divi \u0161\u0101vieni, vi\u0146\u0161 sp\u0113ja kvalific\u0113ties iedz\u012b\u0161anai.<\/p>\n<p>Mises debija unsezonas kopv\u0113rt\u0113jums<\/p>\n<p>Edgars Mise, aizvadot savu sezonas individu\u0101lo debiju Pasaules kausa posmos, pirmo \u0161au\u0161anu veica prec\u012bzi. Tom\u0113r st\u0101vus poz\u012bcij\u0101 vi\u0146am neveic\u0101s, sakr\u0101jot tr\u012bs k\u013c\u016bdas un ierindojoties 76. viet\u0101, t\u0101d\u0113j\u0101di nekvalific\u0113joties iedz\u012b\u0161anas sacens\u012bb\u0101m. Andrejs Rastorgujevs \u0161obr\u012bd ie\u0146em 40. vietu Pasaules kausa kopv\u0113rt\u0113jum\u0101.<\/p>\n<p>Oberhofas posms un piemi\u0146as br\u012bdis<\/p>\n<p>Oberhofas posms tika aizvad\u012bts sare\u017e\u0123\u012btos laika apst\u0101k\u013cos. Pirms sacens\u012bbu s\u0101kuma tika piemin\u0113ts decembr\u012b miru\u0161ais Norv\u0113\u0123ijas biatlonists S\u012bverta Gutorms Bakens, kuru atcer\u0113j\u0101s ar\u012b sacens\u012bbu uzvar\u0113t\u0101js Tommaso D\u017eakomels. Vi\u0146a piemi\u0146ai tika atdots klusuma br\u012bdis, un sacens\u012bbu krekls ar pirmo numuru palika tuk\u0161s. It\u0101lijas biatlonists Tommaso D\u017eakomels ar uzvaru \u0161aj\u0101s sacens\u012bb\u0101s godin\u0101ja savu aizg\u0101ju\u0161o draugu.<\/p>\n<p>N\u0101kam\u0101s sacens\u012bbas un Pasaules kausa sezona<\/p>\n<p>Pasaules kausa ceturtais posms Oberhof\u0101 turpin\u0101sies ar iedz\u012b\u0161anas sacens\u012bb\u0101m v\u012brie\u0161iem sestdien, bet sv\u0113tdien notiks stafetes sacens\u012bbas. Sieviet\u0113m ar\u012b paredz\u0113tas sprinta, iedz\u012b\u0161anas un stafetes sacens\u012bbas. Pasaules kausa sezona 2025.\/2026. gad\u0101 kopum\u0101 sast\u0101v no devi\u0146iem posmiem, un p\u0113c Oberhofas sacens\u012bb\u0101m sekos posmi V\u0101cij\u0101 (R\u016bdolinga), \u010cehij\u0101 (Nove Mesto), It\u0101lij\u0101 (Antholca-Anterselva), Somij\u0101 (Kontiolahti), Igaunij\u0101 (Otep\u0113) un Norv\u0113\u0123ij\u0101 (Oslo-Holmenkollena).<\/p>\n","protected":false},"excerpt":{"rendered":"Latvie\u0161u sportisti sasniedz kvalifik\u0101cijas m\u0113r\u0137i V\u0101cij\u0101 Latvijas biatlonisti Ren\u0101rs Birkent\u0101ls un Andrejs Rastorgujevs ceturtdien V\u0101cij\u0101, Pasaules kausa ceturtaj\u0101&hellip;\n","protected":false},"author":2,"featured_media":99780,"comment_status":"","ping_status":"","sticky":false,"template":"","format":"standard","meta":{"footnotes":""},"categories":[17],"tags":[1498,1499,35,39,38,36,37,34,40,24304,2560,16008,67],"class_list":{"0":"post-99779","1":"post","2":"type-post","3":"status-publish","4":"format-standard","5":"has-post-thumbnail","7":"category-sports","8":"tag-andrejs-rastorgujevs","9":"tag-biatlons","10":"tag-latvia","11":"tag-latvian","12":"tag-latviesu","13":"tag-latviesu-valoda","14":"tag-latviesuvaloda","15":"tag-latvija","16":"tag-lv","17":"tag-oberhofa","18":"tag-pasaules-kauss","19":"tag-renars-birkentals","20":"tag-sports"},"share_on_mastodon":{"url":"https:\/\/pubeurope.com\/@lv\/115867342801407410","error":""},"_links":{"self":[{"href":"https:\/\/www.europesays.com\/lv\/wp-json\/wp\/v2\/posts\/99779","targetHints":{"allow":["GET"]}}],"collection":[{"href":"https:\/\/www.europesays.com\/lv\/wp-json\/wp\/v2\/posts"}],"about":[{"href":"https:\/\/www.europesays.com\/lv\/wp-json\/wp\/v2\/types\/post"}],"author":[{"embeddable":true,"href":"https:\/\/www.europesays.com\/lv\/wp-json\/wp\/v2\/users\/2"}],"replies":[{"embeddable":true,"href":"https:\/\/www.europesays.com\/lv\/wp-json\/wp\/v2\/comments?post=99779"}],"version-history":[{"count":0,"href":"https:\/\/www.europesays.com\/lv\/wp-json\/wp\/v2\/posts\/99779\/revisions"}],"wp:featuredmedia":[{"embeddable":true,"href":"https:\/\/www.europesays.com\/lv\/wp-json\/wp\/v2\/media\/99780"}],"wp:attachment":[{"href":"https:\/\/www.europesays.com\/lv\/wp-json\/wp\/v2\/media?parent=99779"}],"wp:term":[{"taxonomy":"category","embeddable":true,"href":"https:\/\/www.europesays.com\/lv\/wp-json\/wp\/v2\/categories?post=99779"},{"taxonomy":"post_tag","embeddable":true,"href":"https:\/\/www.europesays.com\/lv\/wp-json\/wp\/v2\/tags?post=99779"}],"curies":[{"name":"wp","href":"https:\/\/api.w.org\/{rel}","templated":true}]}}