{"id":99804,"date":"2026-01-09T23:19:06","date_gmt":"2026-01-09T23:19:06","guid":{"rendered":"https:\/\/www.europesays.com\/lv\/99804\/"},"modified":"2026-01-09T23:19:06","modified_gmt":"2026-01-09T23:19:06","slug":"asv-sanems-no-venecuelas-lidz-50-miljoniem-barelu-naftas-lente-lv","status":"publish","type":"post","link":"https:\/\/www.europesays.com\/lv\/99804\/","title":{"rendered":"ASV sa\u0146ems no Venecu\u0113las l\u012bdz 50 miljoniem barelu naftas\u00a0\u2014\u00a0Lente.lv"},"content":{"rendered":"<p>Trampa administr\u0101cija vienojas par naftas pieg\u0101d\u0113m no Venecu\u0113las<\/p>\n<p>ASV prezidents Donalds Tramps ir pazi\u0146ojis par vieno\u0161anos ar Venecu\u0113las pagaidu vald\u012bbu, kas paredz ASV pieg\u0101d\u0101t no 30 l\u012bdz 50 miljoniem barelu Venecu\u0113las naftas. \u0160is solis, p\u0113c Trampa teikt\u0101, dos labumu ab\u0101m valst\u012bm. Nafta tiks p\u0101rdota par tirgus cen\u0101m, un ie\u0146\u0113mumi tiks novirz\u012bti Venecu\u0113las un Savienoto Valstu tautas lab\u0101. Tramps uzsv\u0113ris, ka vi\u0146\u0161 k\u0101 prezidents kontrol\u0113s \u0161os l\u012bdzek\u013cus, lai nodro\u0161in\u0101tu to pareizu izmanto\u0161anu. Ener\u0123\u0113tikas ministrs Kris Rait ir sa\u0146\u0113mis uzdevumu nekav\u0113joties \u012bstenot \u0161os pl\u0101nus. Paredzams, ka nafta tiks uz\u0146emta kravas ku\u0123os un aizvesta tie\u0161i uz izkrau\u0161anas dokiem Savienotaj\u0101s Valst\u012bs.<\/p>\n<p>Konteksts: Maduro aiztur\u0113\u0161ana un politisk\u0101s p\u0101rmai\u0146as Venecu\u0113l\u0101<\/p>\n<p>\u0160is pazi\u0146ojums sekoja neilgi p\u0113c ASV veikt\u0101s milit\u0101r\u0101s oper\u0101cijas, kuras rezult\u0101t\u0101 tika g\u0101zts Venecu\u0113las prezidents Nikolass Maduro. Maduro tika aiztur\u0113ts un nog\u0101d\u0101ts uz \u0145ujorku, kur vi\u0146am izvirz\u012btas aps\u016bdz\u012bbas par narkotiku kontrabandu un citiem noziegumiem. P\u0113c \u0161\u012bs oper\u0101cijas Tramps pazi\u0146oja, ka ASV p\u0101rvald\u012bs Venecu\u0113lu un t\u0101s milz\u012bgos naftas kr\u0101jumus. Venecu\u0113las pagaidu vald\u012bbas vad\u012bt\u0101ja ir k\u013cuvusi Delsija Rodrigesa.<\/p>\n<p>Venecu\u0113las naftas potenci\u0101ls un izaicin\u0101jumi<\/p>\n<p>Venecu\u0113la ir valsts ar pasaul\u0113 liel\u0101kaj\u0101m ofici\u0101li apstiprin\u0101taj\u0101m naftas rezerv\u0113m, kas l\u0113\u0161amas ap 303 miljardiem barelu, tom\u0113r t\u0101s naftas ieguves apjoms ir neliels. Lai atjaunotu novecoju\u0161o naftas infrastrukt\u016bru, ir nepiecie\u0161amas iev\u0113rojamas invest\u012bcijas, un politisk\u0101 stabilit\u0101te un tiesiskums ir b\u016btiskas priek\u0161nosac\u012bjumi rietumvalstu naftas komp\u0101niju ilgtermi\u0146a ieguld\u012bjumiem. Goldman Sachs anal\u012bti\u0137i l\u0113\u0161, ka ASV ietekm\u0113 naftas ieguve Venecu\u0113l\u0101 var\u0113tu pieaugt no pa\u0161reiz\u0113jiem aptuveni 0,8 miljoniem barelu dien\u0101 l\u012bdz pat 2,5 miljoniem barelu dien\u0101 desmit gadu laik\u0101, ja tiks nodro\u0161in\u0101ta re\u017e\u012bma mai\u0146a un starptautisk\u0101s sabiedr\u012bbas vieno\u0161an\u0101s. Lai gan ASV komp\u0101nijas izr\u0101da interesi, ir skaidrs, ka atjauno\u0161anas darbi un invest\u012bcijas pras\u012bs laiku un resursus.<\/p>\n<p>Ietekme uz glob\u0101lajiem naftas tirgiem un Latviju<\/p>\n<p>Eksperti prognoz\u0113, ka pa\u0161reiz\u0113j\u0101 situ\u0101cija Venecu\u0113l\u0101 nerad\u012bs b\u016btisku satraukumu par degvielas cenu izmai\u0146\u0101m Latvij\u0101 tuv\u0101kaj\u0101 laik\u0101. Glob\u0101lais naftas tirgus \u0161ogad galvenok\u0101rt tiks noteikts ar OPEC+ politiku, nevis notikumiem Venecu\u0113l\u0101. Lai gan pasaules naftas cenas ir sam\u0113r\u0101 zemas, Latvij\u0101 degvielas cenas var\u0113tu pieaugt citu faktoru ietekm\u0113, piem\u0113ram, akc\u012bzes nodok\u013ca paaugstin\u0101\u0161anas. Tiek prognoz\u0113ts, ka naftas piepras\u012bjums un pied\u0101v\u0101jums stabiliz\u0113sies 2026. gad\u0101, un cena par barelu nep\u0101rsniegs 60 dol\u0101rus. Lai gan Venecu\u0113las notikumi rad\u012bju\u0161i \u0123eopolitisku spriedzi, tie tie\u0161i neatsauksies uz degvielas cen\u0101m Latvij\u0101, tom\u0113r zelta un citu dro\u0161\u012bbas patv\u0113ruma akt\u012bvu cenas ir pieaugu\u0161as.<\/p>\n","protected":false},"excerpt":{"rendered":"Trampa administr\u0101cija vienojas par naftas pieg\u0101d\u0113m no Venecu\u0113las ASV prezidents Donalds Tramps ir pazi\u0146ojis par vieno\u0161anos ar Venecu\u0113las&hellip;\n","protected":false},"author":2,"featured_media":99805,"comment_status":"","ping_status":"","sticky":false,"template":"","format":"standard","meta":{"footnotes":""},"categories":[14],"tags":[23,57,292,28,29,542,32,33,22,30,31,35,39,38,36,37,34,40,2421,20,26,27,511,24,25,358,54,55,56,21,58],"class_list":{"0":"post-99804","1":"post","2":"type-post","3":"status-publish","4":"format-standard","5":"has-post-thumbnail","7":"category-zinas-no-arvalstim","8":"tag-aktualitates","9":"tag-arvalstim","10":"tag-asv","11":"tag-breaking-news","12":"tag-breakingnews","13":"tag-donalds-tramps","14":"tag-featured-news","15":"tag-featurednews","16":"tag-headlines","17":"tag-latest-news","18":"tag-latestnews","19":"tag-latvia","20":"tag-latvian","21":"tag-latviesu","22":"tag-latviesu-valoda","23":"tag-latviesuvaloda","24":"tag-latvija","25":"tag-lv","26":"tag-nafta","27":"tag-news","28":"tag-popularakas-zinas","29":"tag-popularakaszinas","30":"tag-sankcijas","31":"tag-top-stories","32":"tag-topstories","33":"tag-venecuela","34":"tag-world","35":"tag-world-news","36":"tag-worldnews","37":"tag-zinas","38":"tag-zinas-no-arvalstim"},"share_on_mastodon":{"url":"https:\/\/pubeurope.com\/@lv\/115867704538170471","error":""},"_links":{"self":[{"href":"https:\/\/www.europesays.com\/lv\/wp-json\/wp\/v2\/posts\/99804","targetHints":{"allow":["GET"]}}],"collection":[{"href":"https:\/\/www.europesays.com\/lv\/wp-json\/wp\/v2\/posts"}],"about":[{"href":"https:\/\/www.europesays.com\/lv\/wp-json\/wp\/v2\/types\/post"}],"author":[{"embeddable":true,"href":"https:\/\/www.europesays.com\/lv\/wp-json\/wp\/v2\/users\/2"}],"replies":[{"embeddable":true,"href":"https:\/\/www.europesays.com\/lv\/wp-json\/wp\/v2\/comments?post=99804"}],"version-history":[{"count":0,"href":"https:\/\/www.europesays.com\/lv\/wp-json\/wp\/v2\/posts\/99804\/revisions"}],"wp:featuredmedia":[{"embeddable":true,"href":"https:\/\/www.europesays.com\/lv\/wp-json\/wp\/v2\/media\/99805"}],"wp:attachment":[{"href":"https:\/\/www.europesays.com\/lv\/wp-json\/wp\/v2\/media?parent=99804"}],"wp:term":[{"taxonomy":"category","embeddable":true,"href":"https:\/\/www.europesays.com\/lv\/wp-json\/wp\/v2\/categories?post=99804"},{"taxonomy":"post_tag","embeddable":true,"href":"https:\/\/www.europesays.com\/lv\/wp-json\/wp\/v2\/tags?post=99804"}],"curies":[{"name":"wp","href":"https:\/\/api.w.org\/{rel}","templated":true}]}}