{"id":99823,"date":"2026-01-10T01:01:53","date_gmt":"2026-01-10T01:01:53","guid":{"rendered":"https:\/\/www.europesays.com\/lv\/99823\/"},"modified":"2026-01-10T01:01:53","modified_gmt":"2026-01-10T01:01:53","slug":"ints-silins-iecelts-par-rigas-austrumu-slimnicas-tuberkulozes-un-plausu-slimibu-centra-vaditaju-lente-lv","status":"publish","type":"post","link":"https:\/\/www.europesays.com\/lv\/99823\/","title":{"rendered":"Ints Sili\u0146\u0161 iecelts par R\u012bgas Austrumu slimn\u012bcas Tuberkulozes un plau\u0161u slim\u012bbu centra vad\u012bt\u0101ju\u00a0\u2014\u00a0Lente.lv"},"content":{"rendered":"<p>Ints Sili\u0146\u0161 iecelts par Tuberkulozes un plau\u0161u slim\u012bbu centra vad\u012bt\u0101ju<\/p>\n<p>No 2026. gada 8. janv\u0101ra R\u012bgas Austrumu kl\u012bnisk\u0101s universit\u0101tes slimn\u012bcas (RAKUS) stacion\u0101ru \u201cTuberkulozes un plau\u0161u slim\u012bbu centrs\u201d vad\u012bs ilggad\u0113jais centra \u0101rsts un Torak\u0101l\u0101s \u0137irur\u0123ijas un invaz\u012bv\u0101s pneimonolo\u0123ijas kl\u012bnikas vad\u012bt\u0101js Ints Sili\u0146\u0161. K\u0101 inform\u0113 Latvijas Sabiedriskie Mediji, stacion\u0101ra l\u012bdz\u0161in\u0113j\u0101 galven\u0101 \u0101rste un vad\u012bt\u0101ja Andra C\u012brule savu profesion\u0101lo posmu \u0161aj\u0101 amat\u0101 nosl\u0113dza 2025. gada decembra beig\u0101s.<\/p>\n<p>Austrumu slimn\u012bca izsaka pateic\u012bbu Andrai C\u012brulei par ilggad\u0113ju, profesion\u0101lu un atbild\u012bgu darbu centra vad\u012bb\u0101, uzsverot vi\u0146as noz\u012bm\u012bgo ieguld\u012bjumu stacion\u0101ra att\u012bst\u012bb\u0101 un \u0101rstniec\u012bbas kvalit\u0101tes stiprin\u0101\u0161an\u0101.<\/p>\n<p>Inta Sili\u0146a profesion\u0101l\u0101 pieredze un sasniegumi<\/p>\n<p>Ints Sili\u0146\u0161 ir ieguvis \u0101rsta diplomu 1989. gad\u0101 R\u012bgas Medic\u012bnas instit\u016bt\u0101 (tagad \u2013 R\u012bgas Stradi\u0146a universit\u0101te). P\u0113c internat\u016bras pabeig\u0161anas vi\u0146\u0161 uzs\u0101cis darbu k\u0101 \u0101rsts ftizio\u0137irurgs RAKUS Tuberkulozes un plau\u0161u slim\u012bbu centr\u0101. Savas karjeras laik\u0101, kop\u0161 1993. gada, Sili\u0146\u0161 vad\u012bjis 1. Torak\u0101l\u0101s \u0137irur\u0123ijas noda\u013cu, bet kop\u0161 2018. gada \u2013 Torak\u0101l\u0101s \u0137irur\u0123ijas un invaz\u012bv\u0101s pneimonolo\u0123ijas kl\u012bniku, kas izveidota, apvienojot vair\u0101kas centra strukt\u016brvien\u012bbas. Vi\u0146\u0161 ir plau\u0161u v\u0113\u017ea multidisciplin\u0101r\u0101 kons\u012blija idejas autors un vad\u012bt\u0101js, k\u0101 ar\u012b veicis vair\u0101kas noz\u012bm\u012bgas oper\u0101cijas, kas ir pirm\u0101s Latvijas un Baltijas m\u0113rog\u0101. Savu profesion\u0101lo pieredzi un zin\u0101\u0161anas papildin\u0101jis, sta\u017e\u0113joties kl\u012bnik\u0101s Lielbrit\u0101nij\u0101, Zviedrij\u0101, V\u0101cij\u0101, Krievij\u0101, Jap\u0101n\u0101 un Dienvidkorej\u0101, k\u0101 ar\u012b piedaloties starptautisk\u0101s konferenc\u0113s un kongresos.<\/p>\n<p>Pla\u0161a pieredze un sabiedriskais darbs<\/p>\n<p>Papildus kl\u012bniskajam darbam Austrumu slimn\u012bc\u0101, Ints Sili\u0146\u0161 vair\u0101k nek\u0101 20 gadus sniedz neatliekamo medic\u012bnisko pal\u012bdz\u012bbu vis\u0101 valst\u012b k\u0101 Specializ\u0113t\u0101s medic\u012bnas centra torak\u0101lais \u0137irurgs. Vi\u0146\u0161 akt\u012bvi iesaist\u0101s \u0101rstu un m\u0101su apm\u0101c\u012bb\u0101 un t\u0101l\u0101kizgl\u012bt\u012bb\u0101. Sili\u0146\u0161 ar\u012b darbojas Latvijas Torak\u0101lo \u0137irurgu biedr\u012bbas vald\u0113, no 2011. l\u012bdz 2020. gadam ie\u0146emot t\u0101s prezidenta amatu. Vi\u0146\u0161 veic zin\u0101tnisko un sabiedr\u012bbas izgl\u012bto\u0161anas darbu plau\u0161u vesel\u012bbas jom\u0101.<\/p>\n<p>Tuberkulozes un plau\u0161u slim\u012bbu centra noz\u012bme<\/p>\n<p>RAKUS Tuberkulozes un plau\u0161u slim\u012bbu centrs nodro\u0161ina tuberkulozes un citu plau\u0161u slim\u012bbu pacientu diagnostiku, \u0101rst\u0113\u0161anu un apr\u016bpi vis\u0101 Latvij\u0101. Centrs pneimonolo\u0123ijas, bronholo\u0123ijas un torak\u0101l\u0101s \u0137irur\u0123ijas jom\u0101 sadarb\u012bb\u0101 ar citu \u0101rstniec\u012bbas iest\u0101\u017eu speci\u0101listiem veic ar\u012b tuberkulozes apkaro\u0161anas darbu valst\u012b. Centrs ir pasaul\u0113 pirmais un ilgu laiku vien\u012bgais Pasaules Vesel\u012bbas organiz\u0101cijas Sadarb\u012bbas centrs multirezistentas tuberkulozes izp\u0113t\u0113 un apm\u0101c\u012bb\u0101.<\/p>\n","protected":false},"excerpt":{"rendered":"Ints Sili\u0146\u0161 iecelts par Tuberkulozes un plau\u0161u slim\u012bbu centra vad\u012bt\u0101ju No 2026. gada 8. janv\u0101ra R\u012bgas Austrumu kl\u012bnisk\u0101s&hellip;\n","protected":false},"author":2,"featured_media":99824,"comment_status":"","ping_status":"","sticky":false,"template":"","format":"standard","meta":{"footnotes":""},"categories":[14],"tags":[23,24363,57,28,29,32,33,22,24362,30,31,35,39,38,36,37,34,40,20,24364,26,27,15194,24,25,23403,54,55,56,21,58],"class_list":{"0":"post-99823","1":"post","2":"type-post","3":"status-publish","4":"format-standard","5":"has-post-thumbnail","7":"category-zinas-no-arvalstim","8":"tag-aktualitates","9":"tag-andra-cirule","10":"tag-arvalstim","11":"tag-breaking-news","12":"tag-breakingnews","13":"tag-featured-news","14":"tag-featurednews","15":"tag-headlines","16":"tag-ints-silins","17":"tag-latest-news","18":"tag-latestnews","19":"tag-latvia","20":"tag-latvian","21":"tag-latviesu","22":"tag-latviesu-valoda","23":"tag-latviesuvaloda","24":"tag-latvija","25":"tag-lv","26":"tag-news","27":"tag-plausu-slimibas","28":"tag-popularakas-zinas","29":"tag-popularakaszinas","30":"tag-rigas-austrumu-kliniska-universitates-slimnica","31":"tag-top-stories","32":"tag-topstories","33":"tag-tuberkulozes-un-plausu-slimibu-centrs","34":"tag-world","35":"tag-world-news","36":"tag-worldnews","37":"tag-zinas","38":"tag-zinas-no-arvalstim"},"share_on_mastodon":{"url":"","error":"Validation failed: Text character limit of 500 exceeded"},"_links":{"self":[{"href":"https:\/\/www.europesays.com\/lv\/wp-json\/wp\/v2\/posts\/99823","targetHints":{"allow":["GET"]}}],"collection":[{"href":"https:\/\/www.europesays.com\/lv\/wp-json\/wp\/v2\/posts"}],"about":[{"href":"https:\/\/www.europesays.com\/lv\/wp-json\/wp\/v2\/types\/post"}],"author":[{"embeddable":true,"href":"https:\/\/www.europesays.com\/lv\/wp-json\/wp\/v2\/users\/2"}],"replies":[{"embeddable":true,"href":"https:\/\/www.europesays.com\/lv\/wp-json\/wp\/v2\/comments?post=99823"}],"version-history":[{"count":0,"href":"https:\/\/www.europesays.com\/lv\/wp-json\/wp\/v2\/posts\/99823\/revisions"}],"wp:featuredmedia":[{"embeddable":true,"href":"https:\/\/www.europesays.com\/lv\/wp-json\/wp\/v2\/media\/99824"}],"wp:attachment":[{"href":"https:\/\/www.europesays.com\/lv\/wp-json\/wp\/v2\/media?parent=99823"}],"wp:term":[{"taxonomy":"category","embeddable":true,"href":"https:\/\/www.europesays.com\/lv\/wp-json\/wp\/v2\/categories?post=99823"},{"taxonomy":"post_tag","embeddable":true,"href":"https:\/\/www.europesays.com\/lv\/wp-json\/wp\/v2\/tags?post=99823"}],"curies":[{"name":"wp","href":"https:\/\/api.w.org\/{rel}","templated":true}]}}