{"id":99827,"date":"2026-01-10T02:49:07","date_gmt":"2026-01-10T02:49:07","guid":{"rendered":"https:\/\/www.europesays.com\/lv\/99827\/"},"modified":"2026-01-10T02:49:07","modified_gmt":"2026-01-10T02:49:07","slug":"airbaltic-atcelusi-36-lidojumus-uz-amsterdamu-sniega-un-salas-del-lente-lv","status":"publish","type":"post","link":"https:\/\/www.europesays.com\/lv\/99827\/","title":{"rendered":"airBaltic atc\u0113lusi 36 lidojumus uz Amsterdamu sniega un salas d\u0113\u013c\u00a0\u2014\u00a0Lente.lv"},"content":{"rendered":"<p>Sniega un salas d\u0113\u013c airBaltic atc\u0113lusi 36 lidojumus uz un no Amsterdamas<\/p>\n<p>Latvijas nacion\u0101l\u0101 aviokomp\u0101nija airBaltic ir atc\u0113lusi 36 lidojumus uz un no Amsterdamas laika posm\u0101 no 2. janv\u0101ra l\u012bdz tre\u0161dienai, 7. janv\u0101rim, zi\u0146o uz\u0146\u0113muma sabiedrisko un politisko attiec\u012bbu vad\u012bt\u0101js Augusts Zilberts. K\u0101 zi\u0146o av\u012bze Diena, iemesls \u0161iem atce\u013cojumiem ir sniega un salas izrais\u012btie sare\u017e\u0123\u012bjumi Amsterdamas Schiphol lidost\u0101, kas b\u016btiski samazin\u0101ju\u0161i t\u0101s kapacit\u0101ti. \u0160\u012b situ\u0101cija Eirop\u0101 nav unik\u0101la, jo pla\u0161s sniegputenis un aukstums ir izrais\u012bjis haosu ar\u012b cit\u0101s lidost\u0101s, tostarp Par\u012bz\u0113, London\u0101 un Brisel\u0113.<\/p>\n<p>Situ\u0101cija Schiphol lidost\u0101 ir kritiska<\/p>\n<p>Schiphol lidostas situ\u0101cija ir kritiska, jo sniega t\u012br\u012b\u0161ana, skrejce\u013cu apledo\u0161ana, autost\u0101vvietu tr\u016bkums un stingri ierobe\u017eojumi nakts izlidojumiem ir b\u016btiski samazin\u0101ju\u0161i lidostas darb\u012bbas sp\u0113jas. K\u0101 nor\u0101d\u012bjis Zilberts, p\u0113d\u0113j\u0101s dien\u0101s vid\u0113jais gaid\u012b\u0161anas laiks uz lidojumiem uz un no Amsterdamas ir p\u0101rsniedzis \u010detras stundas. \u0160\u0101das kav\u0113\u0161an\u0101s neizb\u0113gami noved pie darba laika regul\u0113jumu p\u0101rk\u0101pumiem, jo apkalpe vairs nevar veikt lidojumu avi\u0101cijas dro\u0161\u012bbas pras\u012bbu d\u0113\u013c, k\u0101 rezult\u0101t\u0101 lidojums tiek atcelts. Lai samazin\u0101tu pasa\u017eieru ne\u0113rt\u012bbas, airBaltic mekl\u0113 alternat\u012bvus mar\u0161rutus, p\u0101rs\u0113dinot pasa\u017eierus uz citiem reisiem vai pied\u0101v\u0101jot kombin\u0113tas iesp\u0113jas ar sauszemes transportu caur kaimi\u0146valstu pils\u0113t\u0101m. Ja prognozes paredz vair\u0101k nek\u0101 90 min\u016b\u0161u aizkav\u0113\u0161anos bez cer\u012bb\u0101m uz laikapst\u0101k\u013cu uzlabo\u0161anos, lidma\u0161\u012bn\u0101 pasa\u017eierus neielai\u017e, lai nov\u0113rstu vi\u0146u atra\u0161anos sl\u0113gt\u0101 telp\u0101 uz zemes.<\/p>\n<p>Pla\u0161a ietekme uz Eiropas gaisa satiksmi<\/p>\n<p>Sniega un sala izrais\u012bt\u0101s probl\u0113zes nav ierobe\u017eotas tikai ar Amsterdamu. Ar\u012b citas Eiropas liel\u0101s lidostas saskaras ar l\u012bdz\u012bg\u0101m gr\u016bt\u012bb\u0101m. Par\u012bz\u0113 ir noteikti ierobe\u017eojumi ielidojo\u0161ajiem lidojumiem, bet Brisel\u0113 kust\u012bba ir ierobe\u017eota sniega, salas un slikt\u0101s redzam\u012bbas d\u0113\u013c. V\u0101cija, Lielbrit\u0101nija un citas valstis ar\u012b piedz\u012bvo pla\u0161us ce\u013cojumu trauc\u0113jumus, atcelto un aizkav\u0113to lidojumu skaits m\u0113r\u0101ms simtos. Piem\u0113ram, Amsterdamas Schiphol lidost\u0101 vien ir atcelti 685 reisi, bet Par\u012bzes \u0160arla de Golla lidost\u0101 \u2013 72 izlidojo\u0161ie un 73 ielidojo\u0161ie reisi.<\/p>\n<p>Latvij\u0101 ar\u012b v\u0113rojami laikapst\u0101k\u013cu rad\u012btie sare\u017e\u0123\u012bjumi<\/p>\n<p>Lai gan inform\u0101cija galvenok\u0101rt koncentr\u0113jas uz starptautiskajiem lidojumiem, ar\u012b Latvijas gaisa satiksme nav pasarg\u0101ta no laikapst\u0101k\u013cu ietekmes. R\u012bgas lidost\u0101 ir nov\u0113roti kav\u0113jumi un atcelti lidojumi stipr\u0101 sniegpute\u0146a d\u0113\u013c. Sniega un salas d\u0113\u013c ir sl\u0113gti skrejce\u013ci, kas paildzina lidma\u0161\u012bnu sagatavo\u0161anas laiku izlido\u0161anai. Pag\u0101ju\u0161\u0101 gada novembra beig\u0101s Latvij\u0101 ar\u012b bija izteikta sasalsto\u0161a lietus izrais\u012bta ce\u013cu un ietvju apledo\u0161ana, kas rad\u012bja iev\u0113rojamus trauc\u0113jumus satiksm\u0113 un palielin\u0101ja traumu skaitu.<\/p>\n<p>Ieteikumi pasa\u017eieriem<\/p>\n<p>Aviokomp\u0101nija airBaltic aicina pasa\u017eierus, kuru lidojumi ir skarti, sekot l\u012bdzi inform\u0101cijai par savu reisu statusu un izmantot iesp\u0113ju main\u012bt bi\u013cetes vai piepras\u012bt naudas atmaksu. T\u0101pat ieteicams savlaic\u012bgi sazin\u0101ties ar aviokomp\u0101niju vai bi\u013ce\u0161u ieg\u0101des vietu, lai sa\u0146emtu papildu pal\u012bdz\u012bbu un inform\u0101ciju par iesp\u0113jamiem risin\u0101jumiem. <\/p>\n","protected":false},"excerpt":{"rendered":"Sniega un salas d\u0113\u013c airBaltic atc\u0113lusi 36 lidojumus uz un no Amsterdamas Latvijas nacion\u0101l\u0101 aviokomp\u0101nija airBaltic ir atc\u0113lusi&hellip;\n","protected":false},"author":2,"featured_media":99828,"comment_status":"","ping_status":"","sticky":false,"template":"","format":"standard","meta":{"footnotes":""},"categories":[14],"tags":[3307,23,24367,57,24368,28,29,32,33,22,30,31,35,39,38,36,37,34,10174,40,20,26,27,4807,24,25,54,55,56,21,58],"class_list":{"0":"post-99827","1":"post","2":"type-post","3":"status-publish","4":"format-standard","5":"has-post-thumbnail","7":"category-zinas-no-arvalstim","8":"tag-airbaltic","9":"tag-aktualitates","10":"tag-amsterdamas","11":"tag-arvalstim","12":"tag-atcelts","13":"tag-breaking-news","14":"tag-breakingnews","15":"tag-featured-news","16":"tag-featurednews","17":"tag-headlines","18":"tag-latest-news","19":"tag-latestnews","20":"tag-latvia","21":"tag-latvian","22":"tag-latviesu","23":"tag-latviesu-valoda","24":"tag-latviesuvaloda","25":"tag-latvija","26":"tag-lidojumi","27":"tag-lv","28":"tag-news","29":"tag-popularakas-zinas","30":"tag-popularakaszinas","31":"tag-sniegs","32":"tag-top-stories","33":"tag-topstories","34":"tag-world","35":"tag-world-news","36":"tag-worldnews","37":"tag-zinas","38":"tag-zinas-no-arvalstim"},"share_on_mastodon":{"url":"https:\/\/pubeurope.com\/@lv\/115868530271086284","error":""},"_links":{"self":[{"href":"https:\/\/www.europesays.com\/lv\/wp-json\/wp\/v2\/posts\/99827","targetHints":{"allow":["GET"]}}],"collection":[{"href":"https:\/\/www.europesays.com\/lv\/wp-json\/wp\/v2\/posts"}],"about":[{"href":"https:\/\/www.europesays.com\/lv\/wp-json\/wp\/v2\/types\/post"}],"author":[{"embeddable":true,"href":"https:\/\/www.europesays.com\/lv\/wp-json\/wp\/v2\/users\/2"}],"replies":[{"embeddable":true,"href":"https:\/\/www.europesays.com\/lv\/wp-json\/wp\/v2\/comments?post=99827"}],"version-history":[{"count":0,"href":"https:\/\/www.europesays.com\/lv\/wp-json\/wp\/v2\/posts\/99827\/revisions"}],"wp:featuredmedia":[{"embeddable":true,"href":"https:\/\/www.europesays.com\/lv\/wp-json\/wp\/v2\/media\/99828"}],"wp:attachment":[{"href":"https:\/\/www.europesays.com\/lv\/wp-json\/wp\/v2\/media?parent=99827"}],"wp:term":[{"taxonomy":"category","embeddable":true,"href":"https:\/\/www.europesays.com\/lv\/wp-json\/wp\/v2\/categories?post=99827"},{"taxonomy":"post_tag","embeddable":true,"href":"https:\/\/www.europesays.com\/lv\/wp-json\/wp\/v2\/tags?post=99827"}],"curies":[{"name":"wp","href":"https:\/\/api.w.org\/{rel}","templated":true}]}}