{"id":99881,"date":"2026-01-10T05:31:17","date_gmt":"2026-01-10T05:31:17","guid":{"rendered":"https:\/\/www.europesays.com\/lv\/99881\/"},"modified":"2026-01-10T05:31:17","modified_gmt":"2026-01-10T05:31:17","slug":"francija-un-lielbritanija-sniega-vetras-del-tukstosiem-majsaimniecibu-trauceta-elektroapgade","status":"publish","type":"post","link":"https:\/\/www.europesays.com\/lv\/99881\/","title":{"rendered":"Francij\u0101 un Lielbrit\u0101nij\u0101 sniega v\u0113tras d\u0113\u013c t\u016bksto\u0161iem m\u0101jsaimniec\u012bbu trauc\u0113ta elektroapg\u0101de"},"content":{"rendered":"<p>Francijas zieme\u013cos piektdien vilcieni, ar da\u017eiem iz\u0146\u0113mumiem, nekurs\u0113. Paredz\u0113ts, ka Normandij\u0101 un Breta\u0146\u0101 dzelzce\u013ca satiksme ats\u0101ksies p\u0113cpusdien\u0101.<\/p>\n<p>Sniega v\u0113tras d\u0113\u013c trauc\u0113ta satiksme ar\u012b Par\u012bzes re\u0123ion\u0101 un Elzas\u0101 un Lotring\u0101. Man\u0161as un Piej\u016bras S\u0113nas departamentos sl\u0113gtas skolas.<\/p>\n<p>\u0160oned\u0113\u013c ar laikapst\u0101k\u013ciem saist\u012btos negad\u012bjumos Eirop\u0101 g\u0101ju\u0161i boj\u0101 vismaz asto\u0146i cilv\u0113ki.<\/p>\n<p>V\u0101cijas zieme\u013cos patlaban plos\u0101s <a href=\"https:\/\/www.tvnet.lv\/term\/556072\/vetra\" class=\"topicLink\" target=\"_blank\" rel=\"nofollow noopener\">v\u0113tra<\/a> &#8220;Elli&#8221;, kuras d\u0113\u013c sl\u0113gtas skolas Hamburg\u0101 un Br\u0113men\u0113, un V\u0101cijas zieme\u013cos nekurs\u0113 t\u0101lsatiksmes vilcieni.<\/p>\n<p>Moldov\u0101 slikto laikapst\u0101k\u013cu d\u0113\u013c l\u012bdz pirmdienai sl\u0113gtas aptuveni 600 skolas, un Rum\u0101nij\u0101 aptuveni 1000 m\u0101jsaimniec\u012bbas paliku\u0161as bez elektr\u012bbas.<\/p>\n<p>Tikm\u0113r Balk\u0101nos viet\u0101m pierimst pl\u016bdi, ko ned\u0113\u013cas s\u0101kum\u0101 izrais\u012bja sp\u0113c\u012bga snig\u0161ana un lietusg\u0101zes. Pl\u016bdu d\u0113\u013c tika evaku\u0113ti simtiem cilv\u0113ku, un divi cilv\u0113ki g\u0101ja boj\u0101.<\/p>\n<p>Alb\u0101nij\u0101, kas ir viena no vissmag\u0101k cietu\u0161aj\u0101m re\u0123iona valst\u012bm, premjerministrs Edi Rama pazi\u0146oja, ka varasiest\u0101des s\u0101ku\u0161as apr\u0113\u0137in\u0101t pl\u016bdu rad\u012btos zaud\u0113jumus. Valsts dienvidos appl\u016bda simtiem m\u0101ju.<\/p>\n<p>Br\u012bdin\u0101jumi par apledojumu un snig\u0161anu joproj\u0101m ir sp\u0113k\u0101 liel\u0101kaj\u0101 re\u0123iona da\u013c\u0101, tai skait\u0101 Serbij\u0101, kur rietumos jau vair\u0101kas dienas nav elektr\u012bbas.<\/p>\n","protected":false},"excerpt":{"rendered":"Francijas zieme\u013cos piektdien vilcieni, ar da\u017eiem iz\u0146\u0113mumiem, nekurs\u0113. Paredz\u0113ts, ka Normandij\u0101 un Breta\u0146\u0101 dzelzce\u013ca satiksme ats\u0101ksies p\u0113cpusdien\u0101. Sniega&hellip;\n","protected":false},"author":2,"featured_media":99882,"comment_status":"","ping_status":"","sticky":false,"template":"","format":"standard","meta":{"footnotes":""},"categories":[14],"tags":[23,57,28,29,12617,32,33,1309,22,30,31,35,39,38,36,37,34,487,40,20,26,27,24387,24,25,4457,54,55,56,21,58],"class_list":{"0":"post-99881","1":"post","2":"type-post","3":"status-publish","4":"format-standard","5":"has-post-thumbnail","7":"category-zinas-no-arvalstim","8":"tag-aktualitates","9":"tag-arvalstim","10":"tag-breaking-news","11":"tag-breakingnews","12":"tag-elektroapgade","13":"tag-featured-news","14":"tag-featurednews","15":"tag-francija","16":"tag-headlines","17":"tag-latest-news","18":"tag-latestnews","19":"tag-latvia","20":"tag-latvian","21":"tag-latviesu","22":"tag-latviesu-valoda","23":"tag-latviesuvaloda","24":"tag-latvija","25":"tag-lielbritanija","26":"tag-lv","27":"tag-news","28":"tag-popularakas-zinas","29":"tag-popularakaszinas","30":"tag-sniega-vetra","31":"tag-top-stories","32":"tag-topstories","33":"tag-vetra","34":"tag-world","35":"tag-world-news","36":"tag-worldnews","37":"tag-zinas","38":"tag-zinas-no-arvalstim"},"share_on_mastodon":{"url":"https:\/\/pubeurope.com\/@lv\/115869167286787507","error":""},"_links":{"self":[{"href":"https:\/\/www.europesays.com\/lv\/wp-json\/wp\/v2\/posts\/99881","targetHints":{"allow":["GET"]}}],"collection":[{"href":"https:\/\/www.europesays.com\/lv\/wp-json\/wp\/v2\/posts"}],"about":[{"href":"https:\/\/www.europesays.com\/lv\/wp-json\/wp\/v2\/types\/post"}],"author":[{"embeddable":true,"href":"https:\/\/www.europesays.com\/lv\/wp-json\/wp\/v2\/users\/2"}],"replies":[{"embeddable":true,"href":"https:\/\/www.europesays.com\/lv\/wp-json\/wp\/v2\/comments?post=99881"}],"version-history":[{"count":0,"href":"https:\/\/www.europesays.com\/lv\/wp-json\/wp\/v2\/posts\/99881\/revisions"}],"wp:featuredmedia":[{"embeddable":true,"href":"https:\/\/www.europesays.com\/lv\/wp-json\/wp\/v2\/media\/99882"}],"wp:attachment":[{"href":"https:\/\/www.europesays.com\/lv\/wp-json\/wp\/v2\/media?parent=99881"}],"wp:term":[{"taxonomy":"category","embeddable":true,"href":"https:\/\/www.europesays.com\/lv\/wp-json\/wp\/v2\/categories?post=99881"},{"taxonomy":"post_tag","embeddable":true,"href":"https:\/\/www.europesays.com\/lv\/wp-json\/wp\/v2\/tags?post=99881"}],"curies":[{"name":"wp","href":"https:\/\/api.w.org\/{rel}","templated":true}]}}