{"id":99885,"date":"2026-01-10T05:34:16","date_gmt":"2026-01-10T05:34:16","guid":{"rendered":"https:\/\/www.europesays.com\/lv\/99885\/"},"modified":"2026-01-10T05:34:16","modified_gmt":"2026-01-10T05:34:16","slug":"noskaidrotas-muzikalas-bankas-2025-finaldziesmas-par-titulu-cinisies-dons-prata-vetra-un-sudden-lights-lente-lv","status":"publish","type":"post","link":"https:\/\/www.europesays.com\/lv\/99885\/","title":{"rendered":"Noskaidrotas &#8220;Muzik\u0101l\u0101s bankas 2025&#8221; fin\u0101ldziesmas \u2013 par titulu c\u012bn\u012bsies Dons, &#8220;Pr\u0101ta V\u0113tra&#8221; un &#8220;Sudden Lights&#8221;\u00a0\u2014\u00a0Lente.lv"},"content":{"rendered":"<p>Fin\u0101ldziesmu noteik\u0161ana un ceremonijas datums<\/p>\n<p>Ir noskaidrotas 15 dziesmas, kas Latvijas Radio 2 popul\u0101raj\u0101 aptauj\u0101 \u201cMuzik\u0101l\u0101 banka 2025\u201d sacent\u012bsies par aizvad\u012bt\u0101 gada v\u0113rt\u012bg\u0101k\u0101s popa un roka dziesmas titulu. K\u0101 zi\u0146o Latvijas Av\u012bze, uzvar\u0113t\u0101ju noteiks klaus\u012bt\u0101ju un skat\u012bt\u0101ju balsojums nosl\u0113guma ceremonijas tie\u0161raid\u0113, kas notiks 24. janv\u0101r\u012b Daugavpils Olimpiskaj\u0101 centr\u0101, \u012bsi p\u0113c plkst. 21.00. Pas\u0101kumu var\u0113s v\u0113rot Latvijas Radio 2, LTV1, k\u0101 ar\u012b port\u0101los LSM.lv un REplay.lv.<\/p>\n<p>Fin\u0101l\u0101 iek\u013cuvu\u0161ie m\u0101kslinieki un dziesmas<\/p>\n<p>\u0160\u012b gada fin\u0101l\u0101 iek\u013cuvu\u0161as t\u0101das dziesmas k\u0101 &#8220;Tuvums&#8221; izpild\u012bjum\u0101 Dons, &#8220;Gribu b\u016bt rokst\u0101rs&#8221; no grupas &#8220;Pr\u0101ta V\u0113tra&#8221; un &#8220;Lai tev apn\u012bk skumt&#8221;, ko izpilda &#8220;Sudden Lights&#8221;. Starptautiskaj\u0101 fin\u0101listu sarakst\u0101 ir ar\u012b &#8220;Acis&#8221; (Y\u016aT), &#8220;Asaras vairs nav t\u0101 v\u0113rtas&#8221; (Lu\u012bze Burmistrova), &#8220;Baudam!&#8221; (Fi\u0146\u0137is), &#8220;Citos med\u012bbu laukos&#8221; (Med\u012bbu Lauki), &#8220;D\u0101rznieks&#8221; (Viktors Buntovskis), &#8220;Dz\u012bve m\u016bs m\u0113t\u0101&#8221; (Atvara), &#8220;Ezera son\u0101te&#8221; (Ivo Fomins), &#8220;Kad izdzis\u012bs&#8221; (Miks Galvanovskis), &#8220;Lab\u0101k\u0101 doma pasaul\u0113&#8221; (Carnival Youth, pied. Evija V\u0113bere), &#8220;Pa\u0161am b\u016bt&#8221; (Emilija), &#8220;Sauciet&#8221; (Antra Stafecka) un &#8220;V\u0113l vienu reiz&#8221; (Kautkaili).<\/p>\n<p>Aptaujas trad\u012bcija un fin\u0101lceremonijas norise<\/p>\n<p>\u201cMuzik\u0101l\u0101 banka\u201d ir viena no sen\u0101kaj\u0101m un presti\u017e\u0101kaj\u0101m Latvijas Radio 2 aptauj\u0101m, kas jau 26 gadus nosaka gada v\u0113rt\u012bg\u0101k\u0101s popa un roka dziesmas. Visa gada garum\u0101 klaus\u012bt\u0101ji balso par sav\u0101m iem\u012b\u013cot\u0101kaj\u0101m dziesm\u0101m aptaujas m\u0101jaslap\u0101, nosakot ned\u0113\u013cas, m\u0113ne\u0161a un gada v\u0113rt\u012bg\u0101k\u0101s kompoz\u012bcijas. Fin\u0101lbalsojums par 25 dziesm\u0101m s\u0101k\u0101s 2025. gada 30. decembr\u012b un ilga l\u012bdz 2026. gada 7. janv\u0101rim, kad eksperti un klaus\u012bt\u0101ji izv\u0113l\u0113j\u0101s 15 fin\u0101listus. \u0160\u012b gada fin\u0101l\u0161ovs norisin\u0101sies Daugavpils Olimpiskaj\u0101 centr\u0101, un ir nosl\u0113gts l\u012bgums par pas\u0101kuma norisi \u0161aj\u0101 viet\u0101 ar\u012b turpm\u0101kos tr\u012bs gadus.<\/p>\n<p>\u012apa\u0161ie muzik\u0101lie notikumi un viesi<\/p>\n<p>Fin\u0101lceremonija sol\u0101s b\u016bt v\u0113rien\u012bga, ne tikai pateicoties fin\u0101listu priek\u0161nesumiem, bet ar\u012b citiem muzik\u0101liem notikumiem uz skatuves. Tiek pl\u0101nots godin\u0101t Maestro Raimondu Paulu vi\u0146a 90. jubilej\u0101, izskan\u0113s labdar\u012bbas maratona \u201cDod pieci!\u201d himna, k\u0101 ar\u012b kop\u0101 ar grupu \u201c100. debija\u201d dosies \u012bpa\u0161\u0101 muzik\u0101l\u0101 ce\u013cojum\u0101. Gaid\u0101mi ar\u012b divu jaunu kompoz\u012bciju pirmatska\u0146ojumi \u2013 savus jaun\u0101kos darbus prezent\u0113s pag\u0101ju\u0161\u0101 gada Muzik\u0101l\u0101s bankas tre\u0161\u0101s vietas ieguv\u0113js Chris Noah un p\u0113rn\u0101 gada \u201cP\u0101rdziedi mani!\u201d uzvar\u0113t\u0101js Maksims Busels. \u012apa\u0161us muzik\u0101lus p\u0101rsteigumus sagatavoju\u0161as ar\u012b apvien\u012bbas \u201cCiti z\u0113ni\u201d.<\/p>\n","protected":false},"excerpt":{"rendered":"Fin\u0101ldziesmu noteik\u0161ana un ceremonijas datums Ir noskaidrotas 15 dziesmas, kas Latvijas Radio 2 popul\u0101raj\u0101 aptauj\u0101 \u201cMuzik\u0101l\u0101 banka 2025\u201d&hellip;\n","protected":false},"author":2,"featured_media":99886,"comment_status":"","ping_status":"","sticky":false,"template":"","format":"standard","meta":{"footnotes":""},"categories":[19],"tags":[201,89,24385,90,35,39,38,36,37,34,23001,40,24384,15300],"class_list":{"0":"post-99885","1":"post","2":"type-post","3":"status-publish","4":"format-standard","5":"has-post-thumbnail","7":"category-izklaide","8":"tag-dons","9":"tag-entertainment","10":"tag-finaldziesmas","11":"tag-izklaide","12":"tag-latvia","13":"tag-latvian","14":"tag-latviesu","15":"tag-latviesu-valoda","16":"tag-latviesuvaloda","17":"tag-latvija","18":"tag-latvijas-radio-2","19":"tag-lv","20":"tag-muzikala-banka-2025","21":"tag-prata-vetra"},"share_on_mastodon":{"url":"https:\/\/pubeurope.com\/@lv\/115869179114950054","error":""},"_links":{"self":[{"href":"https:\/\/www.europesays.com\/lv\/wp-json\/wp\/v2\/posts\/99885","targetHints":{"allow":["GET"]}}],"collection":[{"href":"https:\/\/www.europesays.com\/lv\/wp-json\/wp\/v2\/posts"}],"about":[{"href":"https:\/\/www.europesays.com\/lv\/wp-json\/wp\/v2\/types\/post"}],"author":[{"embeddable":true,"href":"https:\/\/www.europesays.com\/lv\/wp-json\/wp\/v2\/users\/2"}],"replies":[{"embeddable":true,"href":"https:\/\/www.europesays.com\/lv\/wp-json\/wp\/v2\/comments?post=99885"}],"version-history":[{"count":0,"href":"https:\/\/www.europesays.com\/lv\/wp-json\/wp\/v2\/posts\/99885\/revisions"}],"wp:featuredmedia":[{"embeddable":true,"href":"https:\/\/www.europesays.com\/lv\/wp-json\/wp\/v2\/media\/99886"}],"wp:attachment":[{"href":"https:\/\/www.europesays.com\/lv\/wp-json\/wp\/v2\/media?parent=99885"}],"wp:term":[{"taxonomy":"category","embeddable":true,"href":"https:\/\/www.europesays.com\/lv\/wp-json\/wp\/v2\/categories?post=99885"},{"taxonomy":"post_tag","embeddable":true,"href":"https:\/\/www.europesays.com\/lv\/wp-json\/wp\/v2\/tags?post=99885"}],"curies":[{"name":"wp","href":"https:\/\/api.w.org\/{rel}","templated":true}]}}