{"id":99889,"date":"2026-01-10T05:40:10","date_gmt":"2026-01-10T05:40:10","guid":{"rendered":"https:\/\/www.europesays.com\/lv\/99889\/"},"modified":"2026-01-10T05:40:10","modified_gmt":"2026-01-10T05:40:10","slug":"zvaigzne-%e2%9f%a9-luiss-kapaldi-maija-izskana-koncertes-vilna-kapec-tas-ir-loti-svarigi-2","status":"publish","type":"post","link":"https:\/\/www.europesays.com\/lv\/99889\/","title":{"rendered":"ZVAIGZNE \u27e9 Luiss Kapaldi maija izska\u0146\u0101 koncert\u0113s Vi\u013c\u0146\u0101. K\u0101p\u0113c tas ir \u013coti svar\u012bgi?"},"content":{"rendered":"<p>Ir zi\u0146as, kuras nopietni m\u016bzikas cien\u012bt\u0101ji Baltij\u0101 ir gaid\u012bju\u0161i jau sen. P\u0113c ilg\u0101ka p\u0101rtraukuma un sp\u0113ku atg\u016b\u0161anas, viens no m\u016bsdienu popul\u0101r\u0101kajiem un iem\u012b\u013cot\u0101kajiem britu, vai prec\u012bz\u0101k, skotu m\u016bzi\u0137iem Luiss Kapaldi (Lewis Capaldi) ir pazi\u0146ojis par savu atgrie\u0161anos. Jau \u0161\u012b gada pavasara nosl\u0113gum\u0101, 31. maij\u0101, vi\u0146\u0161 k\u0101ps uz skatuves kaimi\u0146zemes galvaspils\u0113t\u0101 Vi\u013c\u0146\u0101, Vingis park\u0101. \u0160is b\u016bs vien\u012bgais m\u0101kslinieka koncerts Baltijas valst\u012bs, turkl\u0101t viens no emocion\u0101l\u0101kajiem notikumiem 2026. gada koncertu kalend\u0101r\u0101.<\/p>\n","protected":false},"excerpt":{"rendered":"Ir zi\u0146as, kuras nopietni m\u016bzikas cien\u012bt\u0101ji Baltij\u0101 ir gaid\u012bju\u0161i jau sen. P\u0113c ilg\u0101ka p\u0101rtraukuma un sp\u0113ku atg\u016b\u0161anas, viens&hellip;\n","protected":false},"author":2,"featured_media":99387,"comment_status":"","ping_status":"","sticky":false,"template":"","format":"standard","meta":{"footnotes":""},"categories":[19],"tags":[89,90,2017,35,39,38,36,37,34,24266,40,103],"class_list":{"0":"post-99889","1":"post","2":"type-post","3":"status-publish","4":"format-standard","5":"has-post-thumbnail","7":"category-izklaide","8":"tag-entertainment","9":"tag-izklaide","10":"tag-koncerti","11":"tag-latvia","12":"tag-latvian","13":"tag-latviesu","14":"tag-latviesu-valoda","15":"tag-latviesuvaloda","16":"tag-latvija","17":"tag-luiss-kapaldi","18":"tag-lv","19":"tag-muzika"},"share_on_mastodon":{"url":"https:\/\/pubeurope.com\/@lv\/115869202702410622","error":""},"_links":{"self":[{"href":"https:\/\/www.europesays.com\/lv\/wp-json\/wp\/v2\/posts\/99889","targetHints":{"allow":["GET"]}}],"collection":[{"href":"https:\/\/www.europesays.com\/lv\/wp-json\/wp\/v2\/posts"}],"about":[{"href":"https:\/\/www.europesays.com\/lv\/wp-json\/wp\/v2\/types\/post"}],"author":[{"embeddable":true,"href":"https:\/\/www.europesays.com\/lv\/wp-json\/wp\/v2\/users\/2"}],"replies":[{"embeddable":true,"href":"https:\/\/www.europesays.com\/lv\/wp-json\/wp\/v2\/comments?post=99889"}],"version-history":[{"count":0,"href":"https:\/\/www.europesays.com\/lv\/wp-json\/wp\/v2\/posts\/99889\/revisions"}],"wp:featuredmedia":[{"embeddable":true,"href":"https:\/\/www.europesays.com\/lv\/wp-json\/wp\/v2\/media\/99387"}],"wp:attachment":[{"href":"https:\/\/www.europesays.com\/lv\/wp-json\/wp\/v2\/media?parent=99889"}],"wp:term":[{"taxonomy":"category","embeddable":true,"href":"https:\/\/www.europesays.com\/lv\/wp-json\/wp\/v2\/categories?post=99889"},{"taxonomy":"post_tag","embeddable":true,"href":"https:\/\/www.europesays.com\/lv\/wp-json\/wp\/v2\/tags?post=99889"}],"curies":[{"name":"wp","href":"https:\/\/api.w.org\/{rel}","templated":true}]}}