{"id":99896,"date":"2026-01-10T05:57:07","date_gmt":"2026-01-10T05:57:07","guid":{"rendered":"https:\/\/www.europesays.com\/lv\/99896\/"},"modified":"2026-01-10T05:57:07","modified_gmt":"2026-01-10T05:57:07","slug":"no-ka-divdesmitajos-gados-bija-jabaidas-resnam-vecenem","status":"publish","type":"post","link":"https:\/\/www.europesays.com\/lv\/99896\/","title":{"rendered":"No k\u0101 divdesmitajos gados bija j\u0101baid\u0101s &#8220;resn\u0101m vecen\u0113m&#8221;?"},"content":{"rendered":"<p>Kad 1925.gada nogal\u0113 Me\u017eapark\u0101 tika atrasts 19 gadus vec\u0101s Hildegardes l\u012b\u0137is, slepenpolicija slepkav\u012bbu sasaist\u012bja ar otru l\u012bdz\u012bgu jaunavas n\u0101vi pie Nacion\u0101l\u0101 te\u0101tra. R\u012bg\u0101 publisk\u0101s viet\u0101s sieviet\u0113m aukstasin\u012bgi uzbruka s\u0113rijveida slepkava. K\u0101ds jaunavu n\u0101v\u0113m bija sakars ar &#8220;pa\u0161n\u0101vnieku klubu&#8221; Maskavas priek\u0161pils\u0113t\u0101 un no k\u0101 divdesmitajos gados bija j\u0101baid\u0101s &#8220;resn\u0101m vecen\u0113m&#8221;?<\/p>\n","protected":false},"excerpt":{"rendered":"Kad 1925.gada nogal\u0113 Me\u017eapark\u0101 tika atrasts 19 gadus vec\u0101s Hildegardes l\u012b\u0137is, slepenpolicija slepkav\u012bbu sasaist\u012bja ar otru l\u012bdz\u012bgu jaunavas&hellip;\n","protected":false},"author":2,"featured_media":99897,"comment_status":"","ping_status":"","sticky":false,"template":"","format":"standard","meta":{"footnotes":""},"categories":[5],"tags":[23,28,29,32,33,22,30,31,35,39,38,36,37,34,7580,40,20,163,26,27,172,314,24,25,164,21],"class_list":{"0":"post-99896","1":"post","2":"type-post","3":"status-publish","4":"format-standard","5":"has-post-thumbnail","7":"category-aktualitates","8":"tag-aktualitates","9":"tag-breaking-news","10":"tag-breakingnews","11":"tag-featured-news","12":"tag-featurednews","13":"tag-headlines","14":"tag-latest-news","15":"tag-latestnews","16":"tag-latvia","17":"tag-latvian","18":"tag-latviesu","19":"tag-latviesu-valoda","20":"tag-latviesuvaloda","21":"tag-latvija","22":"tag-latvijas-vesture","23":"tag-lv","24":"tag-news","25":"tag-policija","26":"tag-popularakas-zinas","27":"tag-popularakaszinas","28":"tag-riga","29":"tag-slepkavibas","30":"tag-top-stories","31":"tag-topstories","32":"tag-tvnet-latvija","33":"tag-zinas"},"share_on_mastodon":{"url":"https:\/\/pubeurope.com\/@lv\/115869269611017810","error":""},"_links":{"self":[{"href":"https:\/\/www.europesays.com\/lv\/wp-json\/wp\/v2\/posts\/99896","targetHints":{"allow":["GET"]}}],"collection":[{"href":"https:\/\/www.europesays.com\/lv\/wp-json\/wp\/v2\/posts"}],"about":[{"href":"https:\/\/www.europesays.com\/lv\/wp-json\/wp\/v2\/types\/post"}],"author":[{"embeddable":true,"href":"https:\/\/www.europesays.com\/lv\/wp-json\/wp\/v2\/users\/2"}],"replies":[{"embeddable":true,"href":"https:\/\/www.europesays.com\/lv\/wp-json\/wp\/v2\/comments?post=99896"}],"version-history":[{"count":0,"href":"https:\/\/www.europesays.com\/lv\/wp-json\/wp\/v2\/posts\/99896\/revisions"}],"wp:featuredmedia":[{"embeddable":true,"href":"https:\/\/www.europesays.com\/lv\/wp-json\/wp\/v2\/media\/99897"}],"wp:attachment":[{"href":"https:\/\/www.europesays.com\/lv\/wp-json\/wp\/v2\/media?parent=99896"}],"wp:term":[{"taxonomy":"category","embeddable":true,"href":"https:\/\/www.europesays.com\/lv\/wp-json\/wp\/v2\/categories?post=99896"},{"taxonomy":"post_tag","embeddable":true,"href":"https:\/\/www.europesays.com\/lv\/wp-json\/wp\/v2\/tags?post=99896"}],"curies":[{"name":"wp","href":"https:\/\/api.w.org\/{rel}","templated":true}]}}