{"id":11638,"count":1,"description":"","link":"https:\/\/www.europesays.com\/lv\/tag\/asvdemokratinujorkavelesanas\/","name":"ASV;Demokr\u0101ti;\u0145ujorka;V\u0113l\u0113\u0161anas","slug":"asvdemokratinujorkavelesanas","taxonomy":"post_tag","meta":[],"_links":{"self":[{"href":"https:\/\/www.europesays.com\/lv\/wp-json\/wp\/v2\/tags\/11638","targetHints":{"allow":["GET"]}}],"collection":[{"href":"https:\/\/www.europesays.com\/lv\/wp-json\/wp\/v2\/tags"}],"about":[{"href":"https:\/\/www.europesays.com\/lv\/wp-json\/wp\/v2\/taxonomies\/post_tag"}],"wp:post_type":[{"href":"https:\/\/www.europesays.com\/lv\/wp-json\/wp\/v2\/posts?tags=11638"}],"curies":[{"name":"wp","href":"https:\/\/api.w.org\/{rel}","templated":true}]}}