{"id":11639,"count":1,"description":"","link":"https:\/\/www.europesays.com\/lv\/tag\/edgars-rinkevicsnacionala-apvienibastambulas-konvencija\/","name":"Edgars Rink\u0113vi\u010ds;Nacion\u0101l\u0101 Apvien\u012bba;Stambulas konvencija","slug":"edgars-rinkevicsnacionala-apvienibastambulas-konvencija","taxonomy":"post_tag","meta":[],"_links":{"self":[{"href":"https:\/\/www.europesays.com\/lv\/wp-json\/wp\/v2\/tags\/11639","targetHints":{"allow":["GET"]}}],"collection":[{"href":"https:\/\/www.europesays.com\/lv\/wp-json\/wp\/v2\/tags"}],"about":[{"href":"https:\/\/www.europesays.com\/lv\/wp-json\/wp\/v2\/taxonomies\/post_tag"}],"wp:post_type":[{"href":"https:\/\/www.europesays.com\/lv\/wp-json\/wp\/v2\/posts?tags=11639"}],"curies":[{"name":"wp","href":"https:\/\/api.w.org\/{rel}","templated":true}]}}