{"id":17533,"count":1,"description":"","link":"https:\/\/www.europesays.com\/lv\/tag\/ekas-ugunsgrekslaunpratiga-dedzinasanasomija\/","name":"\u0112kas ugunsgr\u0113ks;\u013baunpr\u0101t\u012bga dedzin\u0101\u0161ana;Somija","slug":"ekas-ugunsgrekslaunpratiga-dedzinasanasomija","taxonomy":"post_tag","meta":[],"_links":{"self":[{"href":"https:\/\/www.europesays.com\/lv\/wp-json\/wp\/v2\/tags\/17533","targetHints":{"allow":["GET"]}}],"collection":[{"href":"https:\/\/www.europesays.com\/lv\/wp-json\/wp\/v2\/tags"}],"about":[{"href":"https:\/\/www.europesays.com\/lv\/wp-json\/wp\/v2\/taxonomies\/post_tag"}],"wp:post_type":[{"href":"https:\/\/www.europesays.com\/lv\/wp-json\/wp\/v2\/posts?tags=17533"}],"curies":[{"name":"wp","href":"https:\/\/api.w.org\/{rel}","templated":true}]}}