{"id":17540,"count":1,"description":"","link":"https:\/\/www.europesays.com\/lv\/tag\/dagmara-laicaneizklaides-redaktors-iesakajurgis-namejs-zvejniekslotte-eglitesovs-x-faktorsx-faktors-2025x-faktors-2025-tiesraides\/","name":"Dagm\u0101ra Laic\u0101ne;Izklaides redaktors iesaka;Jur\u0123is Namejs Zvejnieks;Lotte Egl\u012bte;\u0160ovs X Faktors;x faktors 2025;x faktors 2025 Tie\u0161raides","slug":"dagmara-laicaneizklaides-redaktors-iesakajurgis-namejs-zvejniekslotte-eglitesovs-x-faktorsx-faktors-2025x-faktors-2025-tiesraides","taxonomy":"post_tag","meta":[],"_links":{"self":[{"href":"https:\/\/www.europesays.com\/lv\/wp-json\/wp\/v2\/tags\/17540","targetHints":{"allow":["GET"]}}],"collection":[{"href":"https:\/\/www.europesays.com\/lv\/wp-json\/wp\/v2\/tags"}],"about":[{"href":"https:\/\/www.europesays.com\/lv\/wp-json\/wp\/v2\/taxonomies\/post_tag"}],"wp:post_type":[{"href":"https:\/\/www.europesays.com\/lv\/wp-json\/wp\/v2\/posts?tags=17540"}],"curies":[{"name":"wp","href":"https:\/\/api.w.org\/{rel}","templated":true}]}}