{"id":18092,"count":1,"description":"","link":"https:\/\/www.europesays.com\/lv\/tag\/britu-karaliska-gimenebritu-karalnamsjorkas-princese-eizenijakeita-midltoneprincese-beatriseziemassvetki\/","name":"Britu karalisk\u0101 \u0123imene;Britu kara\u013cnams;Jorkas princese Ei\u017eenija;Keita Midltone;Princese Beatrise;Ziemassv\u0113tki","slug":"britu-karaliska-gimenebritu-karalnamsjorkas-princese-eizenijakeita-midltoneprincese-beatriseziemassvetki","taxonomy":"post_tag","meta":[],"_links":{"self":[{"href":"https:\/\/www.europesays.com\/lv\/wp-json\/wp\/v2\/tags\/18092","targetHints":{"allow":["GET"]}}],"collection":[{"href":"https:\/\/www.europesays.com\/lv\/wp-json\/wp\/v2\/tags"}],"about":[{"href":"https:\/\/www.europesays.com\/lv\/wp-json\/wp\/v2\/taxonomies\/post_tag"}],"wp:post_type":[{"href":"https:\/\/www.europesays.com\/lv\/wp-json\/wp\/v2\/posts?tags=18092"}],"curies":[{"name":"wp","href":"https:\/\/api.w.org\/{rel}","templated":true}]}}