{"id":3944,"count":11,"description":"","link":"https:\/\/www.europesays.com\/lv\/tag\/elektriska-automasina\/","name":"elektrisk\u0101 automa\u0161\u012bna","slug":"elektriska-automasina","taxonomy":"post_tag","meta":[],"_links":{"self":[{"href":"https:\/\/www.europesays.com\/lv\/wp-json\/wp\/v2\/tags\/3944","targetHints":{"allow":["GET"]}}],"collection":[{"href":"https:\/\/www.europesays.com\/lv\/wp-json\/wp\/v2\/tags"}],"about":[{"href":"https:\/\/www.europesays.com\/lv\/wp-json\/wp\/v2\/taxonomies\/post_tag"}],"wp:post_type":[{"href":"https:\/\/www.europesays.com\/lv\/wp-json\/wp\/v2\/posts?tags=3944"}],"curies":[{"name":"wp","href":"https:\/\/api.w.org\/{rel}","templated":true}]}}