{"id":7301,"count":2,"description":"","link":"https:\/\/www.europesays.com\/lv\/tag\/maksligais-intelekts-tirdznieciba\/","name":"m\u0101ksl\u012bgais intelekts tirdzniec\u012bb\u0101","slug":"maksligais-intelekts-tirdznieciba","taxonomy":"post_tag","meta":[],"_links":{"self":[{"href":"https:\/\/www.europesays.com\/lv\/wp-json\/wp\/v2\/tags\/7301","targetHints":{"allow":["GET"]}}],"collection":[{"href":"https:\/\/www.europesays.com\/lv\/wp-json\/wp\/v2\/tags"}],"about":[{"href":"https:\/\/www.europesays.com\/lv\/wp-json\/wp\/v2\/taxonomies\/post_tag"}],"wp:post_type":[{"href":"https:\/\/www.europesays.com\/lv\/wp-json\/wp\/v2\/posts?tags=7301"}],"curies":[{"name":"wp","href":"https:\/\/api.w.org\/{rel}","templated":true}]}}