{"id":8963,"count":1,"description":"","link":"https:\/\/www.europesays.com\/lv\/tag\/inara-murnieceramona-petravicasaeimastambulas-konvencijazanda-kalnina-lukasevica\/","name":"In\u0101ra M\u016brniece;Ramona Petravi\u010da;Saeima;Stambulas konvencija;Zanda Kalni\u0146a-Luka\u0161evica","slug":"inara-murnieceramona-petravicasaeimastambulas-konvencijazanda-kalnina-lukasevica","taxonomy":"post_tag","meta":[],"_links":{"self":[{"href":"https:\/\/www.europesays.com\/lv\/wp-json\/wp\/v2\/tags\/8963","targetHints":{"allow":["GET"]}}],"collection":[{"href":"https:\/\/www.europesays.com\/lv\/wp-json\/wp\/v2\/tags"}],"about":[{"href":"https:\/\/www.europesays.com\/lv\/wp-json\/wp\/v2\/taxonomies\/post_tag"}],"wp:post_type":[{"href":"https:\/\/www.europesays.com\/lv\/wp-json\/wp\/v2\/posts?tags=8963"}],"curies":[{"name":"wp","href":"https:\/\/api.w.org\/{rel}","templated":true}]}}