{"id":9873,"count":1,"description":"","link":"https:\/\/www.europesays.com\/lv\/tag\/francijas-ordenis-maksla-un-literatura\/","name":"Francijas ordenis M\u0101ksl\u0101 un literat\u016br\u0101","slug":"francijas-ordenis-maksla-un-literatura","taxonomy":"post_tag","meta":[],"_links":{"self":[{"href":"https:\/\/www.europesays.com\/lv\/wp-json\/wp\/v2\/tags\/9873","targetHints":{"allow":["GET"]}}],"collection":[{"href":"https:\/\/www.europesays.com\/lv\/wp-json\/wp\/v2\/tags"}],"about":[{"href":"https:\/\/www.europesays.com\/lv\/wp-json\/wp\/v2\/taxonomies\/post_tag"}],"wp:post_type":[{"href":"https:\/\/www.europesays.com\/lv\/wp-json\/wp\/v2\/posts?tags=9873"}],"curies":[{"name":"wp","href":"https:\/\/api.w.org\/{rel}","templated":true}]}}