{"id":29872,"date":"2026-07-09T08:24:15","date_gmt":"2026-07-09T08:24:15","guid":{"rendered":"https:\/\/www.europesays.com\/netherlands\/29872\/"},"modified":"2026-07-09T08:24:15","modified_gmt":"2026-07-09T08:24:15","slug":"%f0%9f%a5%90%e2%98%95%ef%b8%8ffc-breakfast-frances-in-house-barber-brazil-netherlands-thriller","status":"publish","type":"post","link":"https:\/\/www.europesays.com\/netherlands\/29872\/","title":{"rendered":"\ud83e\udd50\u2615\ufe0fFC Breakfast: France&#8217;s in-house barber, Brazil\u2013Netherlands thriller"},"content":{"rendered":"<p>The home barber of Les Bleus \u2702\ufe0f<\/p>\n<p>It&#8217;s one of the juiciest behind-the-scenes stories of this World Cup. Coco Fernandez, a barber in Boston used to cutting the hair of NBA stars, suddenly found himself becoming Les Bleus&#8217; barber after receiving a mysterious WhatsApp message from an unknown number: &#8220;Can you cut KM&#8217;s hair tonight at 9:30 p.m.?&#8221;<\/p>\n<p>After realizing that &#8220;KM&#8221; meant Kylian Mbapp\u00e9, Fernandez headed to the France team hotel, where he found the tricolor captain alongside Ousmane Demb\u00e9l\u00e9 and Marcus Thuram for a fresh trim.<\/p>\n<p>They hit it off immediately. So much so that Mbapp\u00e9 recommended his new barber to his friend Achraf Hakimi. Since then, Coco Fernandez has also been taking care of the Moroccan national team players, doing fades for both squads. Don&#8217;t ask him for his prediction for tonight&#8217;s quarter-final!<\/p>\n<p><img alt=\"\" loading=\"lazy\" width=\"960\" height=\"1383\" decoding=\"async\" data-nimg=\"1\" class=\"standard-img\" style=\"color:transparent\" src=\"https:\/\/www.europesays.com\/netherlands\/wp-content\/uploads\/2026\/07\/https:\/\/media.zenfs.com\/en\/onefootball_articles_802\/15d951a0d285a64580940bc4f67b3bf0.webp\"\/>The group is in great spirits \ud83c\uddeb\ud83c\uddf7<\/p>\n<p>A wonderful summer-camp atmosphere continues to reign within the France squad. Even Michael Olise is cracking a few smiles\u2026 That says it all!<\/p>\n<p><img alt=\"\" loading=\"lazy\" width=\"960\" height=\"1200\" decoding=\"async\" data-nimg=\"1\" class=\"standard-img\" style=\"color:transparent\" src=\"https:\/\/www.europesays.com\/netherlands\/wp-content\/uploads\/2026\/07\/https:\/\/media.zenfs.com\/en\/onefootball_articles_802\/b9b83e5144ed2df6bec19bea7503443b.webp\"\/><img alt=\"\" loading=\"lazy\" width=\"960\" height=\"1280\" decoding=\"async\" data-nimg=\"1\" class=\"standard-img\" style=\"color:transparent\" src=\"https:\/\/www.europesays.com\/netherlands\/wp-content\/uploads\/2026\/07\/https:\/\/media.zenfs.com\/en\/onefootball_articles_802\/4e2c7b6990912b1c61d28616aad8acf6.webp\"\/>The quarter-finalists&#8217; World Cup history \ud83d\udcca<\/p>\n<p>Since the Knysna fiasco in 2010, the France team has now reached a fourth straight World Cup quarter-final. Brazil, knocked out by Norway in the round of 16, sees an incredible run of eight consecutive quarter-finals come to an end, a streak dating back to the 1994 World Cup. Finally, Morocco has become the first African nation in history to reach the quarter-finals of two consecutive World Cups.<\/p>\n<p><img alt=\"\" loading=\"lazy\" width=\"818\" height=\"1036\" decoding=\"async\" data-nimg=\"1\" class=\"standard-img\" style=\"color:transparent\" src=\"https:\/\/www.europesays.com\/netherlands\/wp-content\/uploads\/2026\/07\/https:\/\/media.zenfs.com\/en\/onefootball_articles_802\/1305cb99f1c1e4c0f3eaec98ae631cb8.webp\"\/>The fabulous flashback \u23f3<\/p>\n<p>While waiting for the World Cup quarter-finals to kick off, let&#8217;s dive back into one of the greatest matches in history at this stage of the competition: Brazil\u2013Netherlands in 1994!<\/p>\n<p>TV schedule \ud83d\udcfa<\/p>\n<p>10:00 p.m.: France &#8211; Morocco (beIN SPORTS 1\/M6)<\/p>\n<p>This article was translated into English by Artificial Intelligence. <a data-ylk=\"slk:You can read the original version in \ud83c\uddeb\ud83c\uddf7 here.;elm:context_link;itc:0;sec:content-canvas;\" data-yga=\"{&quot;yLinkText&quot;:&quot;You can read the original version in \ud83c\uddeb\ud83c\uddf7 here.&quot;,&quot;yLinkElement&quot;:&quot;context_link&quot;,&quot;yModuleName&quot;:&quot;content-canvas&quot;,&quot;yHasCommerce&quot;:false}\" href=\"https:\/\/onefootball.com\/fr\/news\/fc-ptit-dej-le-coiffeur-maison-des-bleus-le-match-fou-bresilpays-bas-43115697\" rel=\"noopener noreferrer nofollow\" target=\"_blank\">You can read the original version in \ud83c\uddeb\ud83c\uddf7 here.<\/a><\/p>\n","protected":false},"excerpt":{"rendered":"The home barber of Les Bleus \u2702\ufe0f It&#8217;s one of the juiciest behind-the-scenes stories of this World Cup.&hellip;\n","protected":false},"author":2,"featured_media":29873,"comment_status":"","ping_status":"","sticky":false,"template":"","format":"standard","meta":{"footnotes":""},"categories":[2],"tags":[19835,383,19834,701,18175,19833,19836,6],"class_list":["post-29872","post","type-post","status-publish","format-standard","has-post-thumbnail","category-netherlands","tag-barber","tag-brazil","tag-coco-fernandez","tag-france","tag-kylian-mbappe","tag-les-bleus","tag-marcus-thuram","tag-netherlands"],"_links":{"self":[{"href":"https:\/\/www.europesays.com\/netherlands\/wp-json\/wp\/v2\/posts\/29872","targetHints":{"allow":["GET"]}}],"collection":[{"href":"https:\/\/www.europesays.com\/netherlands\/wp-json\/wp\/v2\/posts"}],"about":[{"href":"https:\/\/www.europesays.com\/netherlands\/wp-json\/wp\/v2\/types\/post"}],"author":[{"embeddable":true,"href":"https:\/\/www.europesays.com\/netherlands\/wp-json\/wp\/v2\/users\/2"}],"replies":[{"embeddable":true,"href":"https:\/\/www.europesays.com\/netherlands\/wp-json\/wp\/v2\/comments?post=29872"}],"version-history":[{"count":0,"href":"https:\/\/www.europesays.com\/netherlands\/wp-json\/wp\/v2\/posts\/29872\/revisions"}],"wp:featuredmedia":[{"embeddable":true,"href":"https:\/\/www.europesays.com\/netherlands\/wp-json\/wp\/v2\/media\/29873"}],"wp:attachment":[{"href":"https:\/\/www.europesays.com\/netherlands\/wp-json\/wp\/v2\/media?parent=29872"}],"wp:term":[{"taxonomy":"category","embeddable":true,"href":"https:\/\/www.europesays.com\/netherlands\/wp-json\/wp\/v2\/categories?post=29872"},{"taxonomy":"post_tag","embeddable":true,"href":"https:\/\/www.europesays.com\/netherlands\/wp-json\/wp\/v2\/tags?post=29872"}],"curies":[{"name":"wp","href":"https:\/\/api.w.org\/{rel}","templated":true}]}}