{"id":100024,"date":"2026-01-01T16:37:08","date_gmt":"2026-01-01T16:37:08","guid":{"rendered":"https:\/\/www.europesays.com\/nl\/100024\/"},"modified":"2026-01-01T16:37:08","modified_gmt":"2026-01-01T16:37:08","slug":"snelle-en-katja-schuurman-gaan-muzikale-samenwerking-aan","status":"publish","type":"post","link":"https:\/\/www.europesays.com\/nl\/100024\/","title":{"rendered":"Snelle en Katja Schuurman gaan muzikale samenwerking aan"},"content":{"rendered":"\n<p>&#8220;Vanaf morgen is onze single 2002 overal te beluisteren&#8221;<\/p>\n<p>&#8216;Happy 2002! Vanaf morgen is onze single 2002 overal te beluisteren! Enjoy&#8217;, kondigen Snelle en Katja aan via Instagram. De twee hintten de afgelopen dagen al op een samenwerking.<\/p>\n<p>De tekst loopt onder het Instagram-bericht door.<\/p>\n<p>Katja bracht vorig jaar ook al singles uit met Babette van Veen, in het kader van de Linda, Roos &amp; Jessica-re\u00fcnie. Solo scoorde de actrice in de jaren negentig en begin jaren nul ook enkele hits zoals Maar Nu Heb Ik Er \u00c9\u00e9n en Lover Or Friend.<\/p>\n<p>Onlangs zetten de dames de studio van RTL Boulevard op z&#8217;n kop met een kersthit. Het optreden zie je in onderstaande video.<\/p>\n","protected":false},"excerpt":{"rendered":"&#8220;Vanaf morgen is onze single 2002 overal te beluisteren&#8221; &#8216;Happy 2002! Vanaf morgen is onze single 2002 overal&hellip;\n","protected":false},"author":2,"featured_media":100025,"comment_status":"","ping_status":"","sticky":false,"template":"","format":"standard","meta":{"footnotes":""},"categories":[27],"tags":[99,48,98,6272,120,121,46,47,49,45,50,4685],"class_list":{"0":"post-100024","1":"post","2":"type-post","3":"status-publish","4":"format-standard","5":"has-post-thumbnail","7":"category-muziek","8":"tag-amusement","9":"tag-dutch","10":"tag-entertainment","11":"tag-katja-schuurman","12":"tag-music","13":"tag-muziek","14":"tag-nederland","15":"tag-nederlanden","16":"tag-nederlands","17":"tag-netherlands","18":"tag-nl","19":"tag-snelle"},"share_on_mastodon":{"url":"https:\/\/pubeurope.com\/@nl\/115820825294807861","error":""},"_links":{"self":[{"href":"https:\/\/www.europesays.com\/nl\/wp-json\/wp\/v2\/posts\/100024","targetHints":{"allow":["GET"]}}],"collection":[{"href":"https:\/\/www.europesays.com\/nl\/wp-json\/wp\/v2\/posts"}],"about":[{"href":"https:\/\/www.europesays.com\/nl\/wp-json\/wp\/v2\/types\/post"}],"author":[{"embeddable":true,"href":"https:\/\/www.europesays.com\/nl\/wp-json\/wp\/v2\/users\/2"}],"replies":[{"embeddable":true,"href":"https:\/\/www.europesays.com\/nl\/wp-json\/wp\/v2\/comments?post=100024"}],"version-history":[{"count":0,"href":"https:\/\/www.europesays.com\/nl\/wp-json\/wp\/v2\/posts\/100024\/revisions"}],"wp:featuredmedia":[{"embeddable":true,"href":"https:\/\/www.europesays.com\/nl\/wp-json\/wp\/v2\/media\/100025"}],"wp:attachment":[{"href":"https:\/\/www.europesays.com\/nl\/wp-json\/wp\/v2\/media?parent=100024"}],"wp:term":[{"taxonomy":"category","embeddable":true,"href":"https:\/\/www.europesays.com\/nl\/wp-json\/wp\/v2\/categories?post=100024"},{"taxonomy":"post_tag","embeddable":true,"href":"https:\/\/www.europesays.com\/nl\/wp-json\/wp\/v2\/tags?post=100024"}],"curies":[{"name":"wp","href":"https:\/\/api.w.org\/{rel}","templated":true}]}}