{"id":100177,"date":"2026-01-01T20:45:12","date_gmt":"2026-01-01T20:45:12","guid":{"rendered":"https:\/\/www.europesays.com\/nl\/100177\/"},"modified":"2026-01-01T20:45:12","modified_gmt":"2026-01-01T20:45:12","slug":"bijzondere-samenwerking-tussen-katja-schuurman-en-snelle","status":"publish","type":"post","link":"https:\/\/www.europesays.com\/nl\/100177\/","title":{"rendered":"Bijzondere samenwerking tussen Katja Schuurman en Snelle"},"content":{"rendered":"<p class=\"mui-173mato e10ntc2u0\">Snelle trakteert zijn fans in het nieuwe jaar direct op nieuwe muziek. Vrijdag komt zijn nieuwe single 2002 uit, een samenwerking met Katja Schuurman.<\/p>\n<p class=\"mui-173mato e10ntc2u0\">&#8220;Happy 2002! Vanaf morgen is onze single 2002 overal te beluisteren! Enjoy!&#8221;, kondigen Snelle en Katja aan via Instagram. De twee hintten de afgelopen dagen al op een samenwerking.<\/p>\n<p class=\"mui-173mato e10ntc2u0\">Katja bracht vorig jaar ook al singles uit met Babette van Veen, in het kader van de Linda, Roos &amp; Jessica-re\u00fcnie. Solo scoorde de actrice in de jaren negentig en begin jaren nul ook enkele hits zoals Maar Nu Heb Ik Er \u00c9\u00e9n en Lover Or Friend.<\/p>\n<p class=\"mui-173mato e10ntc2u0\">Babette van Veen<\/p>\n<p class=\"mui-173mato e10ntc2u0\">Katja werkt ook graag samen met Babette van Veen. De twee gaven onlangs een concert en zien een jaarlijkse editie van hun\u00a0Grote Ademnood Discobal\u00a0wel zitten. Dat vertelden de actrices en zangeressen aan het ANP tijdens de premi\u00e8re van hun nieuwe HBO Max-<a rel=\"noopener noreferrer nofollow\" target=\"_blank\" class=\"mui-1i4zqbr e1bmvyuj0\" href=\"https:\/\/www.shownieuws.nl\/tv\/spraakmakend\/artikelen\/groot-nieuws-over-katja-schuurman-en-babette-van-veen\">documentaire\u00a0<\/a>Ademnood, die te zien is op de streamingdienst.<\/p>\n<p class=\"mui-173mato e10ntc2u0\">&#8220;Als iedereen er zo blij van wordt als nu en het enthousiasme blijft, dan kan ik me voorstellen dat het iets wordt waar mensen voor willen terugkomen,&#8221; vertelde Katja. Babette vulde aan: &#8220;We hopen het wel. Het is echt onze droom om mensen blij te maken en een leuke avond te bezorgen in deze rottige tijd. Even je zorgen aan de kant en gewoon genieten.&#8221;<\/p>\n<p><img alt=\"Katja Schuurman &amp; Babette van Veen op Het Grote Ademnood Discobal\" loading=\"lazy\" decoding=\"async\" data-nimg=\"fill\" class=\"mui-nacstu e1qtpq9e5\" style=\"position:absolute;height:100%;width:100%;left:0;top:0;right:0;bottom:0;color:transparent\"   src=\"https:\/\/www.europesays.com\/nl\/wp-content\/uploads\/2026\/01\/katja-schuurman-babette-van-veen-op-het-grote-ademnood-discobal.jpg\"\/><\/p>\n<p>5:30<\/p>\n<p>Katja Schuurman &amp; Babette van Veen op Het Grote Ademnood Discobal<\/p>\n","protected":false},"excerpt":{"rendered":"Snelle trakteert zijn fans in het nieuwe jaar direct op nieuwe muziek. Vrijdag komt zijn nieuwe single 2002&hellip;\n","protected":false},"author":2,"featured_media":100178,"comment_status":"","ping_status":"","sticky":false,"template":"","format":"standard","meta":{"footnotes":""},"categories":[31],"tags":[99,147,48,98,46,47,49,45,50],"class_list":{"0":"post-100177","1":"post","2":"type-post","3":"status-publish","4":"format-standard","5":"has-post-thumbnail","7":"category-celebrities","8":"tag-amusement","9":"tag-celebrities","10":"tag-dutch","11":"tag-entertainment","12":"tag-nederland","13":"tag-nederlanden","14":"tag-nederlands","15":"tag-netherlands","16":"tag-nl"},"share_on_mastodon":{"url":"https:\/\/pubeurope.com\/@nl\/115821800490912921","error":""},"_links":{"self":[{"href":"https:\/\/www.europesays.com\/nl\/wp-json\/wp\/v2\/posts\/100177","targetHints":{"allow":["GET"]}}],"collection":[{"href":"https:\/\/www.europesays.com\/nl\/wp-json\/wp\/v2\/posts"}],"about":[{"href":"https:\/\/www.europesays.com\/nl\/wp-json\/wp\/v2\/types\/post"}],"author":[{"embeddable":true,"href":"https:\/\/www.europesays.com\/nl\/wp-json\/wp\/v2\/users\/2"}],"replies":[{"embeddable":true,"href":"https:\/\/www.europesays.com\/nl\/wp-json\/wp\/v2\/comments?post=100177"}],"version-history":[{"count":0,"href":"https:\/\/www.europesays.com\/nl\/wp-json\/wp\/v2\/posts\/100177\/revisions"}],"wp:featuredmedia":[{"embeddable":true,"href":"https:\/\/www.europesays.com\/nl\/wp-json\/wp\/v2\/media\/100178"}],"wp:attachment":[{"href":"https:\/\/www.europesays.com\/nl\/wp-json\/wp\/v2\/media?parent=100177"}],"wp:term":[{"taxonomy":"category","embeddable":true,"href":"https:\/\/www.europesays.com\/nl\/wp-json\/wp\/v2\/categories?post=100177"},{"taxonomy":"post_tag","embeddable":true,"href":"https:\/\/www.europesays.com\/nl\/wp-json\/wp\/v2\/tags?post=100177"}],"curies":[{"name":"wp","href":"https:\/\/api.w.org\/{rel}","templated":true}]}}