{"id":100190,"date":"2026-01-01T21:07:23","date_gmt":"2026-01-01T21:07:23","guid":{"rendered":"https:\/\/www.europesays.com\/nl\/100190\/"},"modified":"2026-01-01T21:07:23","modified_gmt":"2026-01-01T21:07:23","slug":"nac-stuurt-terence-kongolo-31-naar-beloftenelftal","status":"publish","type":"post","link":"https:\/\/www.europesays.com\/nl\/100190\/","title":{"rendered":"NAC stuurt Terence Kongolo (31) naar beloftenelftal"},"content":{"rendered":"<p>                                            <img decoding=\"async\" class=\"\" width=\"1560\" height=\"920\" fetchpriority=\"high\" alt=\"Terence Kongolo baalt bij NAC\" src=\"https:\/\/www.europesays.com\/nl\/wp-content\/uploads\/2026\/01\/q=90,g=auto,fit=contain,compression=fast,w=1560,h=920.jpeg\"\/><br \/>\n                                                                                                                                Foto: \u00a9 Imago <\/p>\n<p>                            &#8221; href=&#8221;https:\/\/www.fcupdate.nl\/voetballers\/terence-kongolo&#8221;&gt;Terence\u00a0Kongolo (31) is teruggezet naar de beloften bij <a href=\"https:\/\/www.fcupdate.nl\/voetbalteams\/nederland\/nac\" rel=\"nofollow noopener\" target=\"_blank\">NAC Breda<\/a>, zo maakt de hekkensluiter van de Eredivisie bekend op de <a target=\"_blank\" href=\"https:\/\/www.nac.nl\/nieuws\/nac-hervat-voorbereiding-tweede-seizoenshelft-zonder-kongolo\" tt-mode=\"url\" rel=\"nofollow noopener\">offici\u00eble kanalen.<\/a> De voormalig Oranje-international komt niet meer in de plannen voor van trainer Carl Hoefkens.<\/p>\n<p>In een statement maakt de club uit Breda bekend dat Kongolo in de tweede seizoenshelft moet gaan trainen op de velden in Boeimeer, op Sportpark Heksenwiel van BSV Boeimeer. Op deze locatie werkt de Onder 21 van NAC zijn trainingen af. De ex-Feyenoorder komt niet meer in de plannen van het eerste elftal voor.<\/p>\n<p>            Artikel gaat verder onder video<\/p>\n<p>Bovendien mag de 31-jarige linkspoot op zoek naar een nieuwe club. In 2024 maakte Kongolo de overstap van Fulham naar NAC, waar hij tot dusverre slechts 23 offici\u00eble duels speelde. De verdediger wordt al zijn hele loopbaan achtervolgd door blessures en ook in de eerste seizoenshelft hielden spierblessures hem langs de kant. Op 11 augustus kwam Kongolo voor het laatst in actie namens NAC, toen hij 31 minuten mocht meedoen tegen FC Volendam (2-1-nederlaag).<\/p>\n<p>Als groot talent van Feyenoord \u2013 waar Kongolo in seizoen 2016\/17 de landstitel won \u2013 schopte de linksback het tot het Nederlands elftal. Na \u00e9\u00e9n vriendschappelijke interland riep Louis van Gaal hem op voor het WK 2014 in Brazili\u00eb, waar Kongolo tot \u00e9\u00e9n invalbeurt kwam. In 2015 \u00e9n in 2018 speelde de verdediger \u00e9\u00e9n interland. De verdediger, diens contract in de zomer afloopt, heeft verder een verleden bij AS Monaco, Huddersfield Town, Fulham, Le Havre en SK Rapid.<\/p>\n<p>                    \u27a1\ufe0f Meer nieuws over NAC<\/p>\n","protected":false},"excerpt":{"rendered":"Foto: \u00a9 Imago &#8221; href=&#8221;https:\/\/www.fcupdate.nl\/voetballers\/terence-kongolo&#8221;&gt;Terence\u00a0Kongolo (31) is teruggezet naar de beloften bij NAC Breda, zo maakt de hekkensluiter&hellip;\n","protected":false},"author":2,"featured_media":100191,"comment_status":"","ping_status":"","sticky":false,"template":"","format":"standard","meta":{"footnotes":""},"categories":[21],"tags":[21901,3081,48,165,235,2127,46,47,49,45,50,2166,92,91,21900,21902,482,167,234],"class_list":{"0":"post-100190","1":"post","2":"type-post","3":"status-publish","4":"format-standard","5":"has-post-thumbnail","7":"category-sport","8":"tag-beloften","9":"tag-carl-hoefkens","10":"tag-dutch","11":"tag-eredivisie","12":"tag-laatste-voetbalnieuws","13":"tag-nac-breda","14":"tag-nederland","15":"tag-nederlanden","16":"tag-nederlands","17":"tag-netherlands","18":"tag-nl","19":"tag-selectie","20":"tag-sport","21":"tag-sports","22":"tag-terence-kongolo","23":"tag-teruggezet","24":"tag-trainer","25":"tag-voetbal","26":"tag-voetbalnieuws"},"share_on_mastodon":{"url":"https:\/\/pubeurope.com\/@nl\/115821887010200372","error":""},"_links":{"self":[{"href":"https:\/\/www.europesays.com\/nl\/wp-json\/wp\/v2\/posts\/100190","targetHints":{"allow":["GET"]}}],"collection":[{"href":"https:\/\/www.europesays.com\/nl\/wp-json\/wp\/v2\/posts"}],"about":[{"href":"https:\/\/www.europesays.com\/nl\/wp-json\/wp\/v2\/types\/post"}],"author":[{"embeddable":true,"href":"https:\/\/www.europesays.com\/nl\/wp-json\/wp\/v2\/users\/2"}],"replies":[{"embeddable":true,"href":"https:\/\/www.europesays.com\/nl\/wp-json\/wp\/v2\/comments?post=100190"}],"version-history":[{"count":0,"href":"https:\/\/www.europesays.com\/nl\/wp-json\/wp\/v2\/posts\/100190\/revisions"}],"wp:featuredmedia":[{"embeddable":true,"href":"https:\/\/www.europesays.com\/nl\/wp-json\/wp\/v2\/media\/100191"}],"wp:attachment":[{"href":"https:\/\/www.europesays.com\/nl\/wp-json\/wp\/v2\/media?parent=100190"}],"wp:term":[{"taxonomy":"category","embeddable":true,"href":"https:\/\/www.europesays.com\/nl\/wp-json\/wp\/v2\/categories?post=100190"},{"taxonomy":"post_tag","embeddable":true,"href":"https:\/\/www.europesays.com\/nl\/wp-json\/wp\/v2\/tags?post=100190"}],"curies":[{"name":"wp","href":"https:\/\/api.w.org\/{rel}","templated":true}]}}