{"id":100297,"date":"2026-01-01T23:08:21","date_gmt":"2026-01-01T23:08:21","guid":{"rendered":"https:\/\/www.europesays.com\/nl\/100297\/"},"modified":"2026-01-01T23:08:21","modified_gmt":"2026-01-01T23:08:21","slug":"amije-verwijderde-sociale-media-van-telefoon-door-haatreacties","status":"publish","type":"post","link":"https:\/\/www.europesays.com\/nl\/100297\/","title":{"rendered":"Amij\u00e9 verwijderde sociale media van telefoon door haatreacties"},"content":{"rendered":"<p>Amij\u00e9 overspoeld door haatreacties<\/p>\n<p>Foodfluencer Amij\u00e9 werd na de aflevering van het populaire programma overspoeld met haatreacties \u2013 tot doodsbedreigingen aan toe. Hoe hechter de bondjes werden, hoe meer haat juist z\u00edj over zich heen kreeg. \u201cIk had het echt 0,0 verwacht. In die maanden dat wij terug waren, hebben we het er supervaak over gehad met alle kandidaten, want we zitten met elkaar ook in een groepsapp.\u201d<\/p>\n<p>In een interview voor onze rubriek Expeditie Exit vertelden Amij\u00e9 en Lies over <a href=\"https:\/\/www.linda.nl\/nieuws\/media\/timor-steffens-amije-expeditie-robinson\/\" target=\"_blank\" rel=\"noopener nofollow\">het tactische spel<\/a> dat gespeeld moest worden. Amij\u00e9:\u00a0\u201cIn de afleveringen komt dat z\u00f3 naar voren, maar we bespraken alle tactieken met het bondje, dat bestond uit Lies, Camiel, Tobias en M\u00e1ty\u00e1s. Ik denk dat ik de enige ben die dat vocaal op beeld heeft uitgesproken, maar we bespraken alles met z\u2019n vijven.\u201d<\/p>\n","protected":false},"excerpt":{"rendered":"Amij\u00e9 overspoeld door haatreacties Foodfluencer Amij\u00e9 werd na de aflevering van het populaire programma overspoeld met haatreacties \u2013&hellip;\n","protected":false},"author":2,"featured_media":100298,"comment_status":"","ping_status":"","sticky":false,"template":"","format":"standard","meta":{"footnotes":""},"categories":[28],"tags":[99,48,98,46,47,49,45,50,124],"class_list":{"0":"post-100297","1":"post","2":"type-post","3":"status-publish","4":"format-standard","5":"has-post-thumbnail","7":"category-tv","8":"tag-amusement","9":"tag-dutch","10":"tag-entertainment","11":"tag-nederland","12":"tag-nederlanden","13":"tag-nederlands","14":"tag-netherlands","15":"tag-nl","16":"tag-tv"},"share_on_mastodon":{"url":"https:\/\/pubeurope.com\/@nl\/115822362860849638","error":""},"_links":{"self":[{"href":"https:\/\/www.europesays.com\/nl\/wp-json\/wp\/v2\/posts\/100297","targetHints":{"allow":["GET"]}}],"collection":[{"href":"https:\/\/www.europesays.com\/nl\/wp-json\/wp\/v2\/posts"}],"about":[{"href":"https:\/\/www.europesays.com\/nl\/wp-json\/wp\/v2\/types\/post"}],"author":[{"embeddable":true,"href":"https:\/\/www.europesays.com\/nl\/wp-json\/wp\/v2\/users\/2"}],"replies":[{"embeddable":true,"href":"https:\/\/www.europesays.com\/nl\/wp-json\/wp\/v2\/comments?post=100297"}],"version-history":[{"count":0,"href":"https:\/\/www.europesays.com\/nl\/wp-json\/wp\/v2\/posts\/100297\/revisions"}],"wp:featuredmedia":[{"embeddable":true,"href":"https:\/\/www.europesays.com\/nl\/wp-json\/wp\/v2\/media\/100298"}],"wp:attachment":[{"href":"https:\/\/www.europesays.com\/nl\/wp-json\/wp\/v2\/media?parent=100297"}],"wp:term":[{"taxonomy":"category","embeddable":true,"href":"https:\/\/www.europesays.com\/nl\/wp-json\/wp\/v2\/categories?post=100297"},{"taxonomy":"post_tag","embeddable":true,"href":"https:\/\/www.europesays.com\/nl\/wp-json\/wp\/v2\/tags?post=100297"}],"curies":[{"name":"wp","href":"https:\/\/api.w.org\/{rel}","templated":true}]}}