{"id":100349,"date":"2026-01-02T01:25:18","date_gmt":"2026-01-02T01:25:18","guid":{"rendered":"https:\/\/www.europesays.com\/nl\/100349\/"},"modified":"2026-01-02T01:25:18","modified_gmt":"2026-01-02T01:25:18","slug":"zo-zag-renee-vervoorn-van-rhoams-er-vroeger-uit","status":"publish","type":"post","link":"https:\/\/www.europesays.com\/nl\/100349\/","title":{"rendered":"Zo zag Ren\u00e9e Vervoorn van RHOAMS er vroeger uit"},"content":{"rendered":"<p>    Real Housewife Ren\u00e9e Vervoorn<\/p>\n<p>Van TMF-tijden tot The Real Housewives of Amsterdam: Ren\u00e9e Vervoorn heeft al heel wat levens gehad. Tegenwoordig kennen we haar als zelfverzekerde ondernemer en enthousiaste housewife, maar lang voordat ze meedeed aan het programma was Ren\u00e9e al volop aanwezig in de spotlights. Tijd voor een kleine throwback, want z\u00f3 zag Ren\u00e9e Vervoorn er vroeger uit.<\/p>\n<p>Waar kennen we Ren\u00e9e van?<\/p>\n<p>Waar het allemaal begon? Ren\u00e9e maakte haar eerste stappen in de entertainmentwereld met muziek en televisie. Zo was ze onderdeel van de meidengroep Princess (ja, echt zo\u2019n begin-2000-girlgroup) en presenteerde ze bij Veronica Call TV. Maar haar grote doorbraak kwam begin jaren 2000, toen ze werd aangenomen bij TMF Nederland.<\/p>\n<p>Tussen 2000 en 2003 was Ren\u00e9e niet van de buis weg te denken. Met haar blonde lokken, strakke tops, glossy make-up en zelfverzekerde houding werd ze een vast gezicht op de muziekzender. Voor veel kijkers was zij h\u00e9t symbool van die iconische TMF-periode: interviews met internationale sterren, liveshows en natuurlijk die typische early 00\u2019s styling waar we nu massaal nostalgisch van worden.<\/p>\n<p>Ook na TMF bleef ze in de spotlights<\/p>\n<p>Na haar TMF-jaren verdween Ren\u00e9e zeker niet van de radar. Ze presenteerde programma\u2019s als Tabloid op SBS6 en Wannahaves bij RTL 5. Toch merkte ze gaandeweg dat ze meer wilde dan alleen het perfecte plaatje en de glitter &amp; glamour van televisie. <\/p>\n<p>Die behoefte aan verdieping leidde in 2008 tot het schrijven van de roman Liefdesles, samen met Hermelijn van der Meijden. In het boek was Ren\u00e9e opvallend openhartig over haar huwelijk met Francis Z., met wie ze tussen 2002 en 2004 getrouwd was. Een kwetsbare, eerlijke kant die we tot dan toe minder van haar hadden gezien.<\/p>\n<p>Toegewijde fulltime mama<\/p>\n<p>Ren\u00e9e is niet alleen druk met haar carri\u00e8re: ze is ook nog eens fulltime mama! In Amsterdam bouwde Ren\u00e9e haar leven verder op rond wat voor haar het belangrijkst is: haar twee dochters. Haar oudste dochter werd geboren tijdens haar huwelijk met Francis Z., later kreeg ze nog een tweede dochter uit haar relatie met danser en ondernemer Guy van der Reijden, met wie ze tussen 2014 en 2024 een stel vormde. In The Real Housewives of Amsterdam vertelt ze openhartig over de moeilijkheden van deze scheiding.<\/p>\n<p>Pink Pilates Princess<\/p>\n<p>In plaats van alleen voor de camera te staan, verlegde Ren\u00e9e de afgelopen jaren haar focus steeds meer naar het bouwen van iets eigens. Samen met Guy richtte ze PLTS op: een vernieuwend reformer pilates-concept met een high intensity twist. Wat begon als een idee, groeide uit tot meerdere studio\u2019s in Amsterdam \u2014 met ambitieuze plannen voor uitbreiding daarbuiten. Wat kan deze vrouw niet?<\/p>\n<p>Hoe zag Ren\u00e9e Vervoorn er vroeger uit?<\/p>\n<p>In The Real Housewives of Amsterdam zien we maar al te goed hoe knap Ren\u00e9e Vervoorn is, maar eerlijk: we waren stiekem h\u00e9\u00e9l benieuwd hoe ze eruitzag in haar echte TMF-prime. Spoiler alert: minstens zo iconic. Ren\u00e9e deelde een heerlijke throwback op Instagram en wow\u2026 zelfs toen was ze al d\u00e9 main character. Grote Y2K-vibes, zelfvertrouwen on point en gewoon een totaal plaatje!<\/p>\n<blockquote class=\"instagram-media\" data-instgrm-captioned=\"\" data-instgrm-permalink=\"https:\/\/www.instagram.com\/p\/DBwtoyQuUH_\/?utm_source=ig_embed&amp;utm_campaign=loading\" data-instgrm-version=\"14\" style=\" background:#FFF; border:0; border-radius:3px; box-shadow:0 0 1px 0 rgba(0,0,0,0.5),0 1px 10px 0 rgba(0,0,0,0.15); margin: 1px; max-width:540px; min-width:326px; padding:0; width:99.375%; width:-webkit-calc(100% - 2px); width:calc(100% - 2px);\"\/>\n<p>Conclusie? Ren\u00e9e Vervoorn heeft altijd al een sterke presence gehad. Of dat nu was in low-rise jeans op TMF of in designerlooks bij RHOAMS: ze blijft zichzelf opnieuw uitvinden. Lees ook: <a href=\"https:\/\/www.girlscene.nl\/djamila-celina-vroeger\/\" rel=\"nofollow noopener\" target=\"_blank\">Zien! Z\u00f3 zag Djamila van The Real Housewives of Amsterdam er vroeger uit<\/a><\/p>\n<p>  <script async src=\"\/\/www.instagram.com\/embed.js\"><\/script><\/p>\n","protected":false},"excerpt":{"rendered":"Real Housewife Ren\u00e9e Vervoorn Van TMF-tijden tot The Real Housewives of Amsterdam: Ren\u00e9e Vervoorn heeft al heel wat&hellip;\n","protected":false},"author":2,"featured_media":100350,"comment_status":"","ping_status":"","sticky":false,"template":"","format":"standard","meta":{"footnotes":""},"categories":[31],"tags":[99,21918,147,48,98,46,47,49,45,50,21919,10256],"class_list":{"0":"post-100349","1":"post","2":"type-post","3":"status-publish","4":"format-standard","5":"has-post-thumbnail","7":"category-celebrities","8":"tag-amusement","9":"tag-bners","10":"tag-celebrities","11":"tag-dutch","12":"tag-entertainment","13":"tag-nederland","14":"tag-nederlanden","15":"tag-nederlands","16":"tag-netherlands","17":"tag-nl","18":"tag-renee-vervoorn","19":"tag-the-real-housewives-of-amsterdam"},"share_on_mastodon":{"url":"https:\/\/pubeurope.com\/@nl\/115822901503744345","error":""},"_links":{"self":[{"href":"https:\/\/www.europesays.com\/nl\/wp-json\/wp\/v2\/posts\/100349","targetHints":{"allow":["GET"]}}],"collection":[{"href":"https:\/\/www.europesays.com\/nl\/wp-json\/wp\/v2\/posts"}],"about":[{"href":"https:\/\/www.europesays.com\/nl\/wp-json\/wp\/v2\/types\/post"}],"author":[{"embeddable":true,"href":"https:\/\/www.europesays.com\/nl\/wp-json\/wp\/v2\/users\/2"}],"replies":[{"embeddable":true,"href":"https:\/\/www.europesays.com\/nl\/wp-json\/wp\/v2\/comments?post=100349"}],"version-history":[{"count":0,"href":"https:\/\/www.europesays.com\/nl\/wp-json\/wp\/v2\/posts\/100349\/revisions"}],"wp:featuredmedia":[{"embeddable":true,"href":"https:\/\/www.europesays.com\/nl\/wp-json\/wp\/v2\/media\/100350"}],"wp:attachment":[{"href":"https:\/\/www.europesays.com\/nl\/wp-json\/wp\/v2\/media?parent=100349"}],"wp:term":[{"taxonomy":"category","embeddable":true,"href":"https:\/\/www.europesays.com\/nl\/wp-json\/wp\/v2\/categories?post=100349"},{"taxonomy":"post_tag","embeddable":true,"href":"https:\/\/www.europesays.com\/nl\/wp-json\/wp\/v2\/tags?post=100349"}],"curies":[{"name":"wp","href":"https:\/\/api.w.org\/{rel}","templated":true}]}}