{"id":100354,"date":"2026-01-02T01:39:08","date_gmt":"2026-01-02T01:39:08","guid":{"rendered":"https:\/\/www.europesays.com\/nl\/100354\/"},"modified":"2026-01-02T01:39:08","modified_gmt":"2026-01-02T01:39:08","slug":"helene-hendriks-verbaast-iedereen-met-carriereswitch","status":"publish","type":"post","link":"https:\/\/www.europesays.com\/nl\/100354\/","title":{"rendered":"&#8216;H\u00e9l\u00e8ne Hendriks verbaast iedereen met carri\u00e8reswitch&#8217;"},"content":{"rendered":"<p>Onlangs verscheen <a href=\"https:\/\/www.soccernews.nl\/media\/helene-hendriks\/\" rel=\"nofollow noopener\" target=\"_blank\">H\u00e9l\u00e8ne Hendriks<\/a> op Ziggo Sport in een Marokkaanse jurk, rond de wedstrijden op de Afrika Cup. Dat kwam haar op een bijzonder zure reactie te staan.<\/p>\n<p>\u2018H\u00e9l\u00e8ne Hendriks wil ondernemer worden\u2019<\/p>\n<p>Henk Spaan vond het namelijk helemaal niks: \u201cH\u00e9l\u00e8ne Hendriks draagt Marokkaans gewaad. Houden we dat bij alle wedstrijden? Aangepaste kleding? Dat wordt lachen als ze Volendam moet presenteren. Spiegeltjes op de muts. Als straks Ivoorkust wordt uitgezonden, neemt H\u00e9l\u00e8ne Hendriks dan een trommel mee?\u201d<\/p>\n<p>In gesprek met De Telegraaf reageert de presentatrice: \u201cDat mensen hier een mening over hebben, dat mag. Onze regisseur is Marokkaans. Hij had deze jurk van zijn vrouw meegenomen. We vonden het mooi om op deze manier de verbinding met Marokko op te zoeken.\u00a0Ik kreeg naast een paar zure reacties vooral veel positieve berichten. Mooi toch.\u201d<\/p>\n<p>Hendriks gaat in de toekomst niets met mode doen, maar overweegt wel een andersoortige carri\u00e8reswitch: \u201cIk wil een studie oppakken of een taal leren. Het lijkt me bijvoorbeeld leuk om me meer te verdiepen in management of ondernemerschap. Ik moet het nog uitvogelen. Ik denk dat het altijd goed is om te blijven leren, om dingen vanuit een ander perspectief te kunnen bekijken.\u201d<\/p>\n<p>        Kan ze dit ook?    <\/p>\n<ul class=\"bc-poll__options gap-4 list-unstyled bc-poll__voted-remove\">\n<li class=\"bc-poll__option fs-8 fw-bold p-2 mb-4 bg-black text-white text-success-hover\" data-bc-option-id=\"1\" data-bc-selected-classes=\"text-success\" data-bc-icon-name-default=\"square-fill\" data-bc-icon-name-selected=\"check-square\" data-bc-icon-name-selected-classes=\"text-success me-2\">\n<p>                                Dat denk ik wel            <\/li>\n<li class=\"bc-poll__option fs-8 fw-bold p-2 mb-4 bg-black text-white text-success-hover\" data-bc-option-id=\"2\" data-bc-selected-classes=\"text-success\" data-bc-icon-name-default=\"square-fill\" data-bc-icon-name-selected=\"check-square\" data-bc-icon-name-selected-classes=\"text-success me-2\">\n<p>                                Ik denk het niet            <\/li>\n<\/ul>\n<ul class=\"bc-poll__results list-unstyled\">\n<li class=\"bc-poll__result justify-content-between p-4 bg-color-4 d-flex fs-7 p-2 text-white mb-4 bg-light\" data-bc-selected-classes=\"bg-black\">\n<p>                        Dat denk ik wel                    <\/p>\n<\/li>\n<li class=\"bc-poll__result justify-content-between p-4 bg-color-4 d-flex fs-7 p-2 text-white mb-4 bg-light\" data-bc-selected-classes=\"bg-black\">\n<p>                        Ik denk het niet                    <\/p>\n<\/li>\n<\/ul>\n<p class=\"bc-poll__results-count-wrapper text-white fw-bold\">\n            0 Votes        <\/p>\n","protected":false},"excerpt":{"rendered":"Onlangs verscheen H\u00e9l\u00e8ne Hendriks op Ziggo Sport in een Marokkaanse jurk, rond de wedstrijden op de Afrika Cup.&hellip;\n","protected":false},"author":2,"featured_media":57797,"comment_status":"","ping_status":"","sticky":false,"template":"","format":"standard","meta":{"footnotes":""},"categories":[31],"tags":[99,147,48,98,46,47,49,45,50],"class_list":{"0":"post-100354","1":"post","2":"type-post","3":"status-publish","4":"format-standard","5":"has-post-thumbnail","7":"category-celebrities","8":"tag-amusement","9":"tag-celebrities","10":"tag-dutch","11":"tag-entertainment","12":"tag-nederland","13":"tag-nederlanden","14":"tag-nederlands","15":"tag-netherlands","16":"tag-nl"},"share_on_mastodon":{"url":"https:\/\/pubeurope.com\/@nl\/115822956523727496","error":""},"_links":{"self":[{"href":"https:\/\/www.europesays.com\/nl\/wp-json\/wp\/v2\/posts\/100354","targetHints":{"allow":["GET"]}}],"collection":[{"href":"https:\/\/www.europesays.com\/nl\/wp-json\/wp\/v2\/posts"}],"about":[{"href":"https:\/\/www.europesays.com\/nl\/wp-json\/wp\/v2\/types\/post"}],"author":[{"embeddable":true,"href":"https:\/\/www.europesays.com\/nl\/wp-json\/wp\/v2\/users\/2"}],"replies":[{"embeddable":true,"href":"https:\/\/www.europesays.com\/nl\/wp-json\/wp\/v2\/comments?post=100354"}],"version-history":[{"count":0,"href":"https:\/\/www.europesays.com\/nl\/wp-json\/wp\/v2\/posts\/100354\/revisions"}],"wp:featuredmedia":[{"embeddable":true,"href":"https:\/\/www.europesays.com\/nl\/wp-json\/wp\/v2\/media\/57797"}],"wp:attachment":[{"href":"https:\/\/www.europesays.com\/nl\/wp-json\/wp\/v2\/media?parent=100354"}],"wp:term":[{"taxonomy":"category","embeddable":true,"href":"https:\/\/www.europesays.com\/nl\/wp-json\/wp\/v2\/categories?post=100354"},{"taxonomy":"post_tag","embeddable":true,"href":"https:\/\/www.europesays.com\/nl\/wp-json\/wp\/v2\/tags?post=100354"}],"curies":[{"name":"wp","href":"https:\/\/api.w.org\/{rel}","templated":true}]}}