{"id":100380,"date":"2026-01-02T03:30:19","date_gmt":"2026-01-02T03:30:19","guid":{"rendered":"https:\/\/www.europesays.com\/nl\/100380\/"},"modified":"2026-01-02T03:30:19","modified_gmt":"2026-01-02T03:30:19","slug":"1-januari-2001-hoe-de-cafebrand-in-t-hemeltje-de-gemeenschap-van-volendam-heeft-geraakt","status":"publish","type":"post","link":"https:\/\/www.europesays.com\/nl\/100380\/","title":{"rendered":"1 januari 2001: hoe de caf\u00e9brand in &#8217;t Hemeltje de gemeenschap van Volendam heeft geraakt"},"content":{"rendered":"<p>Wat een feestelijke inluiding van het nieuwe jaar moet worden, loopt op 1 januari 2001 uit op een drama: de brand in caf\u00e9 De Hemel. Ook wel \u2019t Hemeltje genoemd. In 2026 inmiddels 25 jaar geleden. 14 jongeren verliezen in die nacht het leven en ongeveer 200 raken gewond. Sommige overlevenden van de brand zijn zowel lichamelijk als geestelijk voor het leven getekend.<\/p>\n<p>Veel meer bezoekers in \u2019t Hemeltje dan toegestaan<\/p>\n<p>Tijdens de jaarwisseling van 2000 naar 2001 stromen de kroegen aan de Dijk in Volendam vol met feestvierende mensen. Er zijn 3 caf\u00e9s gevestigd in het dijkpand Haven 154-156: caf\u00e9 de Blokhut bevindt zich in het souterrain, op de begane grond is de Wir War Bar gevestigd en op de eerste verdieping caf\u00e9 \u2019t Hemeltje, een populair caf\u00e9 onder jongeren. In \u2019t Hemeltje zijn op dat moment zo\u2019n 300 jongeren aanwezig, terwijl de kroeg eigenlijk plaats mag bieden aan 80 bezoekers. Het is er dus erg vol maar wel gezellig.<\/p>\n<p>De medewerkers van het caf\u00e9 zijn ongeveer een week bezig geweest met het ophangen van de kerstversiering. Er zijn draden gespannen boven de bar waarop dennentakken zijn gelegd. Ook zijn er duizenden lampjes opgehangen om een gezellige sfeer te cre\u00ebren tijdens de feestdagen.<\/p>\n<p>Steekvlam<\/p>\n<p>Tijdens oud en nieuw worden sterretjes uitgedeeld, die vlak na de jaarwisseling worden afgestoken. Een bundel aangestoken sterretjes komt in aanraking met de kerstversiering aan het plafond. Doordat die kerstversiering niet is ge\u00efmpregneerd met brandwerende middelen, vliegen de dennentakken in brand. Een steekvlam schiet door het pand. Hierop valt de brandende kerstversiering naar beneden, bovenop de feestvierende jongeren.<\/p>\n<p>Barman Ren\u00e9 Schilder probeert een brandblusser te pakken, maar krijgt die niet los. \u201cDan sta je voor het vuur en zie je het groter en groter worden\u201d, zegt hij in een interview met KRO-NCRV. Hij probeert het vuur te doven en rent naar de bar om water en ijs te pakken. Maar als hij bij de bar komt, gaat het mis. Bij Ren\u00e9 gaat het zicht op zwart: \u201cVanaf dat moment weet ik niets meer.\u201d Hij verlaat als \u00e9\u00e9n van de laatsten het brandende caf\u00e9 en loopt zeer ernstige brandwonden op.<\/p>\n<p><img loading=\"lazy\" decoding=\"async\" class=\"alignnone size-large wp-image-175368\" src=\"https:\/\/www.europesays.com\/nl\/wp-content\/uploads\/2026\/01\/t-hemeltje-ANP-300993703-1024x683.jpg\" alt=\"Caf\u00e9brand in 't Hemeltje\" width=\"1024\" height=\"683\"  \/><br \/>\n\u201cGit- en gitzwarte rook\u201d<\/p>\n<p>Bedrijfsleider John Veerman staat op dat moment in de Wir War Bar. Hij is net 7 weken bedrijfsleider. Hij krijgt door dat het misgaat. Veerman: \u201cOp een gegeven moment wordt er aan mijn arm getrokken door een collega. Die wijst verschrikt naar rechts. Git- en gitzwarte rook kwam naar beneden, met een kracht en een expansie, die elke beschrijving tart. Ik wist meteen: dit is mis. Rook gaat normaal gesproken omhoog, maar dit woekerde naar beneden door de kracht. De Wir War vulde zich met rook.\u201d<\/p>\n<p>Hij ziet zwarte rook en is bang voor koolmonoxidevergiftiging. \u201cEr was geen lucht meer daarboven, dacht ik meteen. Ik dacht: de pui moet open, voor de zuurstof. Ik vloog naar de pui om \u2018m open te trekken, maar werd op hetzelfde moment onder de voet gelopen. Krukken en tafels werden door de pui gegooid. Toen ben ik naar de naastgelegen bar gerend, ik kwam daar op zo\u2019n manier binnenlopen dat iedereen wel doorhad dat het menens was. Ik heb 112 gebeld en gevraagd om ambulances en veel brandweer en n\u00f3gmaals benadrukt v\u00e9\u00e9l ambulances.\u201d<\/p>\n<p><a class=\"ccm_message_link\" href=\"#\">Accepteer<\/a> de cookies om dit element te weergeven.<br \/>\nPaniek<\/p>\n<p>Er breekt paniek uit in \u2019s Hemeltje. De jongeren zitten als ratten in de val, want ontsnappen is bijna niet mogelijk. De hitte loopt snel op tot zo\u2019n 500 graden. Hierdoor ontbranden kledingstukken spontaan. Er ontstaat kortsluiting als de isolatie van de elektriciteitsdraden van de kerstverlichting doorbrandt, waardoor het donker wordt. Ook de dichte rook maakt het zicht onmogelijk. Iedereen probeert in paniek door de hoofdingang te vluchten, waardoor veel jongeren in de verdrukking komen. Ze worden vertrapt, ze verstikken en verbranden.<\/p>\n<p>14 jongeren komen om het leven. Ongeveer 250 raken gewond, van wie er 200 ernstig aan toe zijn. Omdat de capaciteit van de brandwondencentra in Purmerend, Beverwijk, Groningen, Rotterdam en Utrecht te klein zijn, worden gewonden ook naar Belgi\u00eb en Duitsland vervoerd.<\/p>\n<p><img loading=\"lazy\" decoding=\"async\" class=\"alignnone size-large wp-image-175367\" src=\"https:\/\/www.europesays.com\/nl\/wp-content\/uploads\/2026\/01\/processie-ANP-300993829-1024x704.jpg\" alt=\"Processie na de brand in 't Hemeltje\" width=\"1024\" height=\"704\"  \/><br \/>\nRechtszaak<\/p>\n<p>5 maanden na de brand in \u2019t Hemeltje begint de rechter-commissaris op verzoek van het OM een gerechtelijk vooronderzoek. Horecabaas Jan Veerman wordt samen met zijn dochter Laura en de bedrijfsleider John Veerman (geen familie) als verdachten aangemerkt. 2 commissies doen in 2001 onderzoek naar de toedracht en de afwikkeling van de caf\u00e9brand. Daaruit komt een beeld naar voren dat in de gemeente Edam-Volendam een gedoogcultuur heerst en dat nieuwe wettelijke regels bewust niet zijn uitgevoerd. Deze kritiek is voor burgemeester F. IJsselmuiden en wethouder W. Visscher aanleiding om op te stappen.<\/p>\n<p>De commissie-Alders constateert dat in \u2019t Hemeltje op de bewuste avond te veel mensen in de uitgaansgelegenheid zijn geweest, dat Jan Veerman de brandveiligheidsvoorschriften aan zijn laars heeft gelapt en dat de kerstversiering te laag heeft gehangen en bovendien zeer brandbaar was. De vele jongeren hadden moeite het pand te verlaten, omdat de nooduitgangen niet in orde waren. Het OM eist de maximale straf tegen Veerman: 16 maanden onvoorwaardelijk. Hiermee wil het OM een signaal afgeven aan alle horecaondernemers in Nederland, zodat zij zich niet verschuilen achter de gebrekkige controle door de gemeente. Het OM eist tegen dochter Laura 3 maanden en tegen bedrijfsleider John Veerman 10 maanden celstraf. Alle 3 zouden ze onnadenkend en nalatig hebben gehandeld.<\/p>\n<p><img loading=\"lazy\" decoding=\"async\" aria-describedby=\"caption-attachment-175365\" class=\"wp-image-175365 size-large\" src=\"https:\/\/www.europesays.com\/nl\/wp-content\/uploads\/2026\/01\/Commisssievoorzitter-Alders-ANP-300999379-1024x806.jpg\" alt=\"Commisssievoorzitter Alders bij de presentatie van het rapport-Alders\" width=\"1024\" height=\"806\"  \/><\/p>\n<p id=\"caption-attachment-175365\" class=\"wp-caption-text\">Commisssievoorzitter Alders (r) bij de presentatie van het rapport-Alders.<\/p>\n<p>Laura en de bedrijfsleider worden vrijgesproken. Veerman wordt veroordeeld tot 12 maanden voorwaardelijke gevangenisstraf en een werkstraf van 240 uur. Ook mag hij 2 jaar zijn beroep als horecaondernemer niet uitoefenen. Om Veerman de mogelijkheid te bieden voor alle betrokkenen tot een bevredigende afwikkeling te komen, kiest het college voor een voorwaardelijke straf. Het OM gaat in hoger beroep, maar laat doorschemeren daarvan af te zien als hij tot een schikking komt met de slachtoffers van de brand. Die schikking komt er: Veerman betaalt enkele miljoenen aan schadevergoeding en verkoopt de panden aan de Haven aan de gemeente. De locatie zal 50 jaar lang geen horecabestemming krijgen.<\/p>\n<p><a class=\"ccm_message_link\" href=\"#\">Accepteer<\/a> de cookies om dit element te weergeven.<br \/>\n\u201cKunstmatige coma\u201d<\/p>\n<p>Veel slachtoffers lopen brandwonden op en zijn daardoor voor het leven getekend. Ook hebben sommigen last van psychische schade. Ren\u00e9 Schilder wordt na de brand naar het brandwondencentrum in Beverwijk vervoerd. Schilder in een interview met de Brandwonden Stichting: \u201cNa de brand lag ik bijna 3 maanden in het brandwondencentrum in Beverwijk. Ik werd 4 weken in een kunstmatige coma gehouden. Mijn lichaam was voor 40 procent verbrand. Alleen door huidtransplantaties konden mijn grote brandwonden helen. De onverbrande huid van mijn benen is getransplanteerd naar de brandwonden in mijn gezicht, op mijn handen en armen. Door de vele huidtransplantaties is alleen mijn linkerkuit onbeschadigd.<\/p>\n<p>Na mijn ontslag uit het brandwondencentrum volgde een lang revalidatietraject. Ik moest eigenlijk alles opnieuw leren. Hierbij had ik enorm veel last van mijn trekkende littekens. Mijn armen waren er het ergst aan toe. Ik kon ze niet meer strekken. Als ik \u2019s ochtends wakker werd, stonden mijn armen in een hoek van negentig graden. In de jaren die volgden heb ik 20 vervolgoperaties ondergaan om dit te verhelpen.\u201d<\/p>\n<p>\u201cLosse stukjes van een compleet iets\u201d<\/p>\n<p>Saul Jonk raakt tijdens de brand niet gewond, maar heeft veel moeite gehad om zijn ervaringen te verwerken. Jonk tegen de NOS: \u201cDe brand heeft een litteken op mijn ziel achtergelaten.\u201d Hij kan zich tot in detail herinneren wat er zich die nacht heeft afgespeeld. Jonk: \u201cJe proefde de angst in de lucht, de hitte. Mijn jas smolt weg. Ik dacht: dit was het. Niemand van ons gaat hier nog levend uitkomen.\u201d Saul schrijft later een lied over de brand en over zijn goede vriend Ren\u00e9 Schilder.<\/p>\n<p>Melanie Klene is 15 jaar als ze aanwezig is in de nieuwjaarsnacht in het caf\u00e9. Ze kan zich weinig herinneren van de ramp. Klene in een interview met het NOS Radio 1 Journaal: \u201cHet zijn eigenlijk vooral flarden. (\u2026) Op een gegeven moment heb ik in mijn herinnering keihard \u2018brand!\u2019 geroepen. Alleen kan ik dat me niet meer duidelijk voor de geest halen.\u201d Hoe ze de mensenmassa is ontvlucht, weet ze ook niet meer precies. \u201cUiteindelijk voelde ik dat ik werd opgetild door iemand. Dat moment staat me nog heel helder bij, omdat dat het eerste moment was waarop ik eigenlijk weer zuurstof kreeg. Maar hoe ik vervolgens buiten ben gekomen, weet ik niet. Het zijn allemaal losse stukjes van een compleet iets.\u201d<\/p>\n<p>Schuldgevoel<\/p>\n<p>NH-journalist en overlevende van de brand Gerie Smit maakt samen met NH-journalist Mischa Korzec in 2025 een documentaire over de brand, getiteld Museum voor De Hemel, waarin ze met overlevenden terugkeert naar het caf\u00e9. Smit is 15 als ze aanwezig is tijdens de bewuste nieuwjaarsnacht in \u2019t Hemeltje. Smit tegen WNL: \u201cIk weet nog dat ik dacht: ik ga dood. Ik viel op de grond, maar hoe ik eruit ben gekomen, weet ik niet meer. Ik was aan het overleven.\u201d Na de brand wil ze vooral weg uit Volendam. \u201cIk was een boze puber, ik wilde er niks mee te maken hebben. En nu ben ik trots op m\u2019n dorp.\u201d<\/p>\n<p>In Museum voor De Hemel onderzoekt Smit ook de jarenlange stilte in het dorp. \u201cHet schuldgevoel is in Volendam heel sterk\u201d, zegt ze. \u201cMensen die er niet bij waren, voelen zich schuldig. Zij hebben alles gezien, maar dachten: ik mag er niet over praten, want ik heb niks. Nu, 25 jaar later, merk je dat die gesprekken eindelijk ontstaan.\u201d Voor de documentaire reist Smit naar het Zweedse G\u00f6teborg, waar in 1998 een vergelijkbare ramp heeft plaatsgevonden. \u201cHet mooie is: die Zweedse jongeren hebben direct contact gezocht met Volendam. Ze zeiden: wij hebben hetzelfde meegemaakt, we zijn 2 jaar verder. Ze wilden vooral laten zien dat het leven verder gaat.\u201d<\/p>\n<p>Recht tegenover de rampplek is een herdenkingsmonument geplaatst voor alle slachtoffers van de caf\u00e9brand. Het is gemaakt door de Volendamse kunstenares Jans van Baarsen en is getiteld Water.<\/p>\n<p><img loading=\"lazy\" decoding=\"async\" class=\"alignnone size-large wp-image-175366\" src=\"https:\/\/www.europesays.com\/nl\/wp-content\/uploads\/2026\/01\/monument-ANP-545137940-1024x683.jpg\" alt=\"Herdenkingsmonument voor de slachtoffers van de caf\u00e9brand in 't Hemeltje\" width=\"1024\" height=\"683\"  \/><\/p>\n<p>Het Volendams Museum presenteert vanaf 18 oktober 2025 de expositie <a href=\"https:\/\/www.volendamsmuseum.nl\/onderbroken-tijd-expositie-25-jaar-nieuwjaarsbrand\" target=\"_blank\" rel=\"noopener nofollow\">Onderbroken tijd<\/a>. In deze expositie staan de Volendamse jongeren centraal die in 2001 tussen de 14 en 25 jaar oud waren. Hun ervaringen laten zien hoe diep de brand het leven en de gemeenschap van Volendam heeft geraakt. Maar ook hoe veerkracht en verbondenheid bijdraagt aan herstel en hoop.<\/p>\n<p>(Bron: NOS.nl, WNL.tv, NHnieuws.nl, NU.nl, KRO-NCRV.nl, RD.nl, Brandwondenstichting.nl, Wikipedia. Foto\u2019s: ANP)<\/p>\n","protected":false},"excerpt":{"rendered":"Wat een feestelijke inluiding van het nieuwe jaar moet worden, loopt op 1 januari 2001 uit op een&hellip;\n","protected":false},"author":2,"featured_media":100381,"comment_status":"","ping_status":"","sticky":false,"template":"","format":"standard","meta":{"footnotes":""},"categories":[5],"tags":[21848,267,39,40,48,43,44,34,35,41,42,46,47,49,45,32,33,50,36,37,21921,8342,38],"class_list":{"0":"post-100380","1":"post","2":"type-post","3":"status-publish","4":"format-standard","5":"has-post-thumbnail","7":"category-hoofdpunten","8":"tag-t-hemeltje","9":"tag-brand","10":"tag-breaking-news","11":"tag-breakingnews","12":"tag-dutch","13":"tag-featured-news","14":"tag-featurednews","15":"tag-headlines","16":"tag-hoofdpunten","17":"tag-latest-news","18":"tag-latestnews","19":"tag-nederland","20":"tag-nederlanden","21":"tag-nederlands","22":"tag-netherlands","23":"tag-news","24":"tag-nieuws","25":"tag-nl","26":"tag-top-stories","27":"tag-topstories","28":"tag-vol","29":"tag-volendam","30":"tag-voorpaginanieuws"},"share_on_mastodon":{"url":"https:\/\/pubeurope.com\/@nl\/115823393067662715","error":""},"_links":{"self":[{"href":"https:\/\/www.europesays.com\/nl\/wp-json\/wp\/v2\/posts\/100380","targetHints":{"allow":["GET"]}}],"collection":[{"href":"https:\/\/www.europesays.com\/nl\/wp-json\/wp\/v2\/posts"}],"about":[{"href":"https:\/\/www.europesays.com\/nl\/wp-json\/wp\/v2\/types\/post"}],"author":[{"embeddable":true,"href":"https:\/\/www.europesays.com\/nl\/wp-json\/wp\/v2\/users\/2"}],"replies":[{"embeddable":true,"href":"https:\/\/www.europesays.com\/nl\/wp-json\/wp\/v2\/comments?post=100380"}],"version-history":[{"count":0,"href":"https:\/\/www.europesays.com\/nl\/wp-json\/wp\/v2\/posts\/100380\/revisions"}],"wp:featuredmedia":[{"embeddable":true,"href":"https:\/\/www.europesays.com\/nl\/wp-json\/wp\/v2\/media\/100381"}],"wp:attachment":[{"href":"https:\/\/www.europesays.com\/nl\/wp-json\/wp\/v2\/media?parent=100380"}],"wp:term":[{"taxonomy":"category","embeddable":true,"href":"https:\/\/www.europesays.com\/nl\/wp-json\/wp\/v2\/categories?post=100380"},{"taxonomy":"post_tag","embeddable":true,"href":"https:\/\/www.europesays.com\/nl\/wp-json\/wp\/v2\/tags?post=100380"}],"curies":[{"name":"wp","href":"https:\/\/api.w.org\/{rel}","templated":true}]}}