{"id":100824,"date":"2026-01-02T15:03:12","date_gmt":"2026-01-02T15:03:12","guid":{"rendered":"https:\/\/www.europesays.com\/nl\/100824\/"},"modified":"2026-01-02T15:03:12","modified_gmt":"2026-01-02T15:03:12","slug":"sidney-swart-stopt-met-cafe-de-juffer","status":"publish","type":"post","link":"https:\/\/www.europesays.com\/nl\/100824\/","title":{"rendered":"Sidney Swart stopt met Caf\u00e9 De Juffer"},"content":{"rendered":"<p>Caf\u00e9 De Juffer op Dam 3 in Zaandam gaat per 1 februari over in andere handen. Het caf\u00e9 20 jaar in handen geweest van Sydney Swart, daarvoor heette het caf\u00e9 \u2018Het Melkwoud\u2019.*<\/p>\n<p>Eigenaar Swart laat op Facebook weten:<\/p>\n<blockquote class=\"wp-block-quote is-layout-flow wp-block-quote-is-layout-flow\">\n<p>\u201920 jaar geleden begon het verhaal (avontuur) De Juffer. We waren al flink bezig met \u2018t Makerijtje en gingen richting de Dam. Wij betrokken Dam nummer 3 waar toen het Melkwoud gevestigd was. Na wat aanpassingen en een naamswijziging gingen wij van start. De Juffer was een feit en wat was de start fantastisch. Er was gelijk een goede sfeer met leuke mensen voor en achter de bar. Dit is gelukkig nooit veranderd het team en de bezoekers zijn nog steeds fantastisch. <\/p>\n<\/blockquote>\n<p>Swart zegt \u2018met pijn in ons hart\u2019 de sluiting per 1 februari 2026 aan te kondigen, \u2018maar De Juffer zou De Juffer niet zijn als we eruit gaan met nog een hele mooie januari maand. Wij gaan nog leuke feestjes organiseren en halen herinneringen op\u2019.<\/p>\n<p>Tegen De Orkaan zegt Swart dat er wel wat leuks voor terug komt, de Zaancity Group van Nick Hiemstra gaat de plek overnemen. Deze groep heeft al veel horeca in het gebied in handen. Swart is in 2025 ernstig ziek geweest, inmiddels is hij succesvol geopereerd maar wil het wat rustiger aandoen. Caf\u00e9 Swart \u2013 tegenover De Juffer \u2013 blijft hij doen.<\/p>\n<p>* AANVULLING. De naam De Juffer blijft wel laat Swart ons weten. De nieuwe eigenaren blijven die naam gebruiken.<\/p>\n<p><a href=\"https:\/\/www.europesays.com\/nl\/wp-content\/uploads\/2026\/01\/cafe-de-juffer-facebook.jpg\"><img loading=\"lazy\" decoding=\"async\" width=\"1024\" height=\"683\" src=\"https:\/\/www.europesays.com\/nl\/wp-content\/uploads\/2026\/01\/cafe-de-juffer-facebook.jpg\" alt=\"\" class=\"wp-image-258268\"  \/><\/a><\/p>\n<p class=\"has-light-gray-background-color has-background\">Door Piet Bakker op basis van bericht op Facebook van De Juffer. Foto boven van Bas Sommeijer uit juni 2021 toen De Juffer \u2013 net als andere caf\u00e9\u2019s \u2013 weer open mochten na de lockdown. Forto onder van Facebook van De Juffer.  <\/p>\n","protected":false},"excerpt":{"rendered":"Caf\u00e9 De Juffer op Dam 3 in Zaandam gaat per 1 februari over in andere handen. Het caf\u00e9&hellip;\n","protected":false},"author":2,"featured_media":100825,"comment_status":"","ping_status":"","sticky":false,"template":"","format":"standard","meta":{"footnotes":""},"categories":[25],"tags":[99,20189,21995,48,98,46,47,49,45,50],"class_list":{"0":"post-100824","1":"post","2":"type-post","3":"status-publish","4":"format-standard","5":"has-post-thumbnail","7":"category-amusement","8":"tag-amusement","9":"tag-dam","10":"tag-de-juffer","11":"tag-dutch","12":"tag-entertainment","13":"tag-nederland","14":"tag-nederlanden","15":"tag-nederlands","16":"tag-netherlands","17":"tag-nl"},"share_on_mastodon":{"url":"https:\/\/pubeurope.com\/@nl\/115826118031865836","error":""},"_links":{"self":[{"href":"https:\/\/www.europesays.com\/nl\/wp-json\/wp\/v2\/posts\/100824","targetHints":{"allow":["GET"]}}],"collection":[{"href":"https:\/\/www.europesays.com\/nl\/wp-json\/wp\/v2\/posts"}],"about":[{"href":"https:\/\/www.europesays.com\/nl\/wp-json\/wp\/v2\/types\/post"}],"author":[{"embeddable":true,"href":"https:\/\/www.europesays.com\/nl\/wp-json\/wp\/v2\/users\/2"}],"replies":[{"embeddable":true,"href":"https:\/\/www.europesays.com\/nl\/wp-json\/wp\/v2\/comments?post=100824"}],"version-history":[{"count":0,"href":"https:\/\/www.europesays.com\/nl\/wp-json\/wp\/v2\/posts\/100824\/revisions"}],"wp:featuredmedia":[{"embeddable":true,"href":"https:\/\/www.europesays.com\/nl\/wp-json\/wp\/v2\/media\/100825"}],"wp:attachment":[{"href":"https:\/\/www.europesays.com\/nl\/wp-json\/wp\/v2\/media?parent=100824"}],"wp:term":[{"taxonomy":"category","embeddable":true,"href":"https:\/\/www.europesays.com\/nl\/wp-json\/wp\/v2\/categories?post=100824"},{"taxonomy":"post_tag","embeddable":true,"href":"https:\/\/www.europesays.com\/nl\/wp-json\/wp\/v2\/tags?post=100824"}],"curies":[{"name":"wp","href":"https:\/\/api.w.org\/{rel}","templated":true}]}}