{"id":101449,"date":"2026-01-03T10:22:15","date_gmt":"2026-01-03T10:22:15","guid":{"rendered":"https:\/\/www.europesays.com\/nl\/101449\/"},"modified":"2026-01-03T10:22:15","modified_gmt":"2026-01-03T10:22:15","slug":"kijk-kassas-belbus-special-met-de-uitreiking-van-de-gouden-belbusduim-kassa","status":"publish","type":"post","link":"https:\/\/www.europesays.com\/nl\/101449\/","title":{"rendered":"Kijk Kassa\u2019s Belbus Special met de uitreiking van de Gouden Belbusduim! &#8211; Kassa"},"content":{"rendered":"<p>Gisteren<\/p>\n<p>leestijd 2 minuten<\/p>\n<p>709 keer bekeken<\/p>\n<p>Bewaren<\/p>\n<p><img decoding=\"async\" src=\"https:\/\/www.europesays.com\/nl\/wp-content\/uploads\/2026\/01\/gouden-belbusduim-2026-1280.jpg\" loading=\"lazy\" alt=\"gouden belbusduim 2026 1280\"  class=\"sc-31a2e9c5-0 kiynKR\"\/><\/p>\n<p>We beginnen het nieuwe jaar goed met een special van De Belbus. Wat zijn de meest opmerkelijke Belbus-confrontaties van het afgelopen jaar? Presentator Mai Verbij trekt het land in en zet deze bijzondere momenten op een rij.<\/p>\n<p>Omdat we het jaar positief willen starten, reiken we \u00f3\u00f3k de Gouden Belbusduim uit. Een opsteker voor die bedrijven waar de klant w\u00e9l koning is. De Belbus Special zie je zaterdag 3 januari op (let op!) onze nieuwe begintijd: 19.00 uur op NPO 2.<\/p>\n<p>Kassa is er ook in 2026 voor de consument<\/p>\n<p>In 2026 blijft Kassa zich onverminderd inzetten voor consumenten.<\/p>\n<p>Komend jaar richten wij ons onder meer op grote thema\u2019s als bewerkt voedsel en de manier waarop (ongezonde) producten ons dagelijks leven binnensluipen. Denk aan onderzoeken over microplastics en hoe die op plekken opduiken waar je ze liever niet tegenkomt en wat dit zegt over ons voedsel in deze tijd.<\/p>\n<p>Vaste onderdelen blijven ook komend jaar nog onmisbaar. In de Belbus komt Kassa op voor consumenten die vastlopen bij bedrijven of instanties, de rubriek Weggegooid Geld legt geldverkwisting bloot, terwijl de uitgebreide producttesten en het Sjoemelcircus laten zien hoe fabrikanten soms bewust buiten de lijntjes kleuren.<\/p>\n<p>&#8216;We blijven doen waar wij goed in zijn&#8217;<\/p>\n<p>Amber Kortzorg: \u201cHet nieuws over <a target=\"_blank\" class=\"\" href=\"https:\/\/www.bnnvara.nl\/kassa\/artikelen\/kassa-moet-noodgedwongen-stoppen\" rel=\"nofollow noopener\">het einde van Kassa<\/a> in 2027 verandert niets aan onze drive voor het komende seizoen. We blijven doen waar we goed in zijn: misstanden blootleggen, consumenten helpen en ingewikkelde kwesties begrijpelijk maken.\u00a0De enorme betrokkenheid van kijkers, de recente waardering uit kijkersonderzoek (van MSI-ACI en Adformatie, red.) \u00e9n onze nominatie voor de longlist van <a target=\"_blank\" class=\"\" href=\"https:\/\/www.televizier.nl\/televizier-ring\/deze-5-programmas-zijn-door-kwalificatieronde-1-gouden-televizier-ring-verkiezing\" rel=\"nofollow noopener\">de Gouden Televizier-Ring 2026<\/a> bevestigen hoe groot de betekenis van Kassa nog altijd is. En er liggen weer genoeg dossiers klaar om ons in vast te bijten \u2013 van stijgende boodschappenprijzen tot nieuwe vormen van oplichting.&#8221;<\/p>\n<p>Kassa zie je iedere zaterdagavond op het nieuwe tijdstip van 19.00 uur bij BNNVARA op NPO 2.<\/p>\n<p>Wil je de\u00a0nieuwsbrief\u00a0ontvangen met consumentennieuws en alles over Kassa? Meld je dan\u00a0<a class=\"\" href=\"https:\/\/www.bnnvara.nl\/kassa\/nieuwsbrief\" rel=\"nofollow noopener\" target=\"_blank\">hier<\/a>\u00a0aan.<\/p>\n<p>En heb jij een prangende consumentenvraag? Stel je vraag dan op ons forum\u00a0<a class=\"\" href=\"https:\/\/kassa.bnnvara.nl\/vraag-beantwoord\/\" rel=\"nofollow noopener\" target=\"_blank\">Vraag &amp; Beantwoord<\/a>\u00a0en krijg advies.<\/p>\n","protected":false},"excerpt":{"rendered":"Gisteren leestijd 2 minuten 709 keer bekeken Bewaren We beginnen het nieuwe jaar goed met een special van&hellip;\n","protected":false},"author":2,"featured_media":101450,"comment_status":"","ping_status":"","sticky":false,"template":"","format":"standard","meta":{"footnotes":""},"categories":[28],"tags":[99,48,98,46,47,49,45,50,124],"class_list":{"0":"post-101449","1":"post","2":"type-post","3":"status-publish","4":"format-standard","5":"has-post-thumbnail","7":"category-tv","8":"tag-amusement","9":"tag-dutch","10":"tag-entertainment","11":"tag-nederland","12":"tag-nederlanden","13":"tag-nederlands","14":"tag-netherlands","15":"tag-nl","16":"tag-tv"},"share_on_mastodon":{"url":"https:\/\/pubeurope.com\/@nl\/115830675383902515","error":""},"_links":{"self":[{"href":"https:\/\/www.europesays.com\/nl\/wp-json\/wp\/v2\/posts\/101449","targetHints":{"allow":["GET"]}}],"collection":[{"href":"https:\/\/www.europesays.com\/nl\/wp-json\/wp\/v2\/posts"}],"about":[{"href":"https:\/\/www.europesays.com\/nl\/wp-json\/wp\/v2\/types\/post"}],"author":[{"embeddable":true,"href":"https:\/\/www.europesays.com\/nl\/wp-json\/wp\/v2\/users\/2"}],"replies":[{"embeddable":true,"href":"https:\/\/www.europesays.com\/nl\/wp-json\/wp\/v2\/comments?post=101449"}],"version-history":[{"count":0,"href":"https:\/\/www.europesays.com\/nl\/wp-json\/wp\/v2\/posts\/101449\/revisions"}],"wp:featuredmedia":[{"embeddable":true,"href":"https:\/\/www.europesays.com\/nl\/wp-json\/wp\/v2\/media\/101450"}],"wp:attachment":[{"href":"https:\/\/www.europesays.com\/nl\/wp-json\/wp\/v2\/media?parent=101449"}],"wp:term":[{"taxonomy":"category","embeddable":true,"href":"https:\/\/www.europesays.com\/nl\/wp-json\/wp\/v2\/categories?post=101449"},{"taxonomy":"post_tag","embeddable":true,"href":"https:\/\/www.europesays.com\/nl\/wp-json\/wp\/v2\/tags?post=101449"}],"curies":[{"name":"wp","href":"https:\/\/api.w.org\/{rel}","templated":true}]}}