{"id":101594,"date":"2026-01-03T13:08:10","date_gmt":"2026-01-03T13:08:10","guid":{"rendered":"https:\/\/www.europesays.com\/nl\/101594\/"},"modified":"2026-01-03T13:08:10","modified_gmt":"2026-01-03T13:08:10","slug":"deze-muurkleuren-wil-je-vermijden-volgens-een-interieurstylist","status":"publish","type":"post","link":"https:\/\/www.europesays.com\/nl\/101594\/","title":{"rendered":"Deze muurkleuren wil je vermijden volgens een interieurstylist"},"content":{"rendered":"<p data-journey-content=\"true\" data-node-id=\"0\" class=\"body-dropcap css-157xyzt emevuu60\">Kleuren als kalm blauw en diepbordeaux zijn <a href=\"https:\/\/www.jan-magazine.nl\/interieur\/g69632040\/interieur-kleuren-trends-2026\/\" target=\"_blank\" data-vars-ga-outbound-link=\"https:\/\/www.jan-magazine.nl\/interieur\/g69632040\/interieur-kleuren-trends-2026\/\" data-vars-ga-ux-element=\"Hyperlink\" data-vars-ga-call-to-action=\"de interieurtrends van 2026\" data-node-id=\"0.1\" class=\"body-link css-larjyn emevuu60\" rel=\"nofollow noopener\">de interieurtrends van 2026<\/a> en worden aankomend jaar veel gespot, maar er zijn ook tinten die experts als het even kan afraden. Hoewel het uiteindelijk een persoonlijke keuze is en blijft, is volgens interieurstylist Fabi\u00ebnne van der Graaff van <a href=\"https:\/\/fabies.nl\/\" target=\"_blank\" rel=\"nofollow noopener\" data-vars-ga-ux-element=\"Hyperlink\" data-node-id=\"0.3\" data-vars-ga-outbound-link=\"https:\/\/fabies.nl\/\" data-vars-ga-call-to-action=\"Fabies\" class=\"body-link css-larjyn emevuu60\">Fabies<\/a> veel afhankelijk van de lichtinval.<\/p>\n<p data-journey-content=\"true\" data-node-id=\"1\" class=\"css-6wxqfj emevuu60\">Over de expert<br data-node-id=\"1.0.1\"\/>Fabi\u00ebnne van der Graaff is interieurstylist en helpt particulieren en bedrijven om de laatste trends, moodboards en andere idee\u00ebn te vertalen naar een styling-, kleur- of meubeladvies, lichtplan of volledig interieurontwerp.  <\/p>\n<p data-journey-content=\"true\" data-node-id=\"2\" class=\"css-6wxqfj emevuu60\">Lees ook: <a href=\"https:\/\/www.jan-magazine.nl\/interieur\/a69816397\/behang-plafond-interieurtrend\/\" target=\"_blank\" data-vars-ga-outbound-link=\"https:\/\/www.jan-magazine.nl\/interieur\/a69816397\/behang-plafond-interieurtrend\/\" data-vars-ga-ux-element=\"Hyperlink\" data-vars-ga-call-to-action=\"Behang op het plafond voelt misschien spannend maar je ruimte wordt er in \u00e9\u00e9n keer superchic van\" data-node-id=\"2.1\" class=\"body-link css-larjyn emevuu60\" rel=\"nofollow noopener\">Behang op het plafond voelt misschien spannend maar je ruimte wordt er in \u00e9\u00e9n keer superchic van<\/a>. <\/p>\n<p>Deze kleuren raadt een interieurstylist af<\/p>\n<p data-journey-content=\"true\" data-node-id=\"5\" class=\"css-6wxqfj emevuu60\">Sta je op het punt om je muren een nieuwe lik verf te geven? Wacht nog maar even met het kopen van een pot, want niet alle kleuren zijn even geschikt om op de muren te smeren. Interieurstylist Fabi\u00ebnne blijft zelf altijd ver weg van koele grijstinten, want volgens haar is het moeilijk om daar nog iets sfeervols van te maken. <\/p>\n<p data-journey-content=\"true\" data-node-id=\"6\" class=\"css-6wxqfj emevuu60\">En hoewel wit als een veilige keuze voelt, raadt zij &#8216;m juist af. Ook dat is natuurlijk een persoonlijke keuze, maar haar kennis en ervaring leren dat wit moeilijk te combineren is met andere kleuren. Dat klinkt misschien tegenstrijdig, maar een subtiele kleur op de muur of het plafond maakt het eenvoudiger om andere kleuren aan het interieur toe te voegen. Bij wit steekt het al snel te veel af.<\/p>\n<p data-journey-content=\"true\" data-node-id=\"7\" class=\"css-6wxqfj emevuu60\">Een basiskleur die in de mode veel wordt gebruikt, zwart, komt in interieurs minder vaak voor. En daar is volgens Fabi\u00ebnne een goede reden voor; als een volledige ruimte in zwart wordt gedompeld, of zelfs slechts \u00e9\u00e9n muur, dan kan dat overweldigend voelen. Het zwart slokt de ruimte als het ware op waardoor-ie veel kleiner lijkt dan de werkelijkheid.<\/p>\n<p>Muren verven op basis van de lichtinval<\/p>\n<p data-journey-content=\"true\" data-node-id=\"9\" class=\"css-6wxqfj emevuu60\">Buiten die tinten om moedigt de interieurstylist vooral aan om te durven met kleur. Dat maakt een huis volgens haar pas echt persoonlijk. Toch een richtlijn nodig? Dan kun je het beste met de lichtinval mee schilderen.<\/p>\n<p data-journey-content=\"true\" data-node-id=\"10\" class=\"body-tip body-accented-tip css-cydfcn emevuu60\">Wil je niets missen van onze artikelen? Volg <a href=\"https:\/\/profile.google.com\/cp\/Cg0vZy8xMWNuNW0xMXZr\" target=\"_blank\" rel=\"nofollow noopener\" data-vars-ga-outbound-link=\"https:\/\/profile.google.com\/cp\/Cg0vZy8xMWNuNW0xMXZr\" data-vars-ga-ux-element=\"Hyperlink\" data-vars-ga-call-to-action=\"JAN Magazine op Google Discover\" data-vars-ga-product-id=\"811ce727-d4d5-40f0-ad69-a513c09343cc\" data-node-id=\"10.1\" class=\"body-link product-links css-larjyn emevuu60\">JAN Magazine op Google Discover<\/a> en zie onze artikelen vaker terug in je Google-feed!<\/p>\n<p data-journey-content=\"true\" data-node-id=\"11\" class=\"css-6wxqfj emevuu60\">Een kamer op het noorden, die gedurende de dag weinig lichtinval krijgt, kan beter in warme kleuren gestoken worden. Zo&#8217;n ruimte heeft van zichzelf een koele ondertoon en wordt veel sfeervoller als er op de muren een warme tint zit. Bij kamers op het zuiden kan er wat meer ge\u00ebxperimenteerd worden, want dankzij de vele lichtinval gedurende de dag is zo&#8217;n ruimte van zichzelf al warmer. Hoe meer lichtinval, hoe meer kleuren er mogelijk zijn.<\/p>\n<p data-journey-content=\"true\" data-node-id=\"12\" class=\"css-6wxqfj emevuu60\">Om te kijken wat in jouw ruimte wel of niet werkt, raadt Fabi\u00ebnne kleurentesters voor op de muur aan. Een tester ziet er immers heel anders uit met een felle lamp in de bouwwinkel erboven, dan met natuurlijk daglicht of het gebrek daaraan. Je ziet dan bijna vanzelf welke kleuren je beter niet kunt kiezen, en welke w\u00e9l.<\/p>\n","protected":false},"excerpt":{"rendered":"Kleuren als kalm blauw en diepbordeaux zijn de interieurtrends van 2026 en worden aankomend jaar veel gespot, maar&hellip;\n","protected":false},"author":2,"featured_media":101595,"comment_status":"","ping_status":"","sticky":false,"template":"","format":"standard","meta":{"footnotes":""},"categories":[30],"tags":[22126,99,142,140,141,143,48,98,22127,893,146,144,145,46,47,49,45,50,22125],"class_list":{"0":"post-101594","1":"post","2":"type-post","3":"status-publish","4":"format-standard","5":"has-post-thumbnail","7":"category-kunst-en-design","8":"tag-afraders","9":"tag-amusement","10":"tag-arts","11":"tag-arts-and-design","12":"tag-artsdesign","13":"tag-design","14":"tag-dutch","15":"tag-entertainment","16":"tag-interieurstylist","17":"tag-interview","18":"tag-kunst","19":"tag-kunst-en-design","20":"tag-kunstdesign","21":"tag-nederland","22":"tag-nederlanden","23":"tag-nederlands","24":"tag-netherlands","25":"tag-nl","26":"tag-welke-kleuren-niet-op-muur"},"share_on_mastodon":{"url":"https:\/\/pubeurope.com\/@nl\/115831328110880774","error":""},"_links":{"self":[{"href":"https:\/\/www.europesays.com\/nl\/wp-json\/wp\/v2\/posts\/101594","targetHints":{"allow":["GET"]}}],"collection":[{"href":"https:\/\/www.europesays.com\/nl\/wp-json\/wp\/v2\/posts"}],"about":[{"href":"https:\/\/www.europesays.com\/nl\/wp-json\/wp\/v2\/types\/post"}],"author":[{"embeddable":true,"href":"https:\/\/www.europesays.com\/nl\/wp-json\/wp\/v2\/users\/2"}],"replies":[{"embeddable":true,"href":"https:\/\/www.europesays.com\/nl\/wp-json\/wp\/v2\/comments?post=101594"}],"version-history":[{"count":0,"href":"https:\/\/www.europesays.com\/nl\/wp-json\/wp\/v2\/posts\/101594\/revisions"}],"wp:featuredmedia":[{"embeddable":true,"href":"https:\/\/www.europesays.com\/nl\/wp-json\/wp\/v2\/media\/101595"}],"wp:attachment":[{"href":"https:\/\/www.europesays.com\/nl\/wp-json\/wp\/v2\/media?parent=101594"}],"wp:term":[{"taxonomy":"category","embeddable":true,"href":"https:\/\/www.europesays.com\/nl\/wp-json\/wp\/v2\/categories?post=101594"},{"taxonomy":"post_tag","embeddable":true,"href":"https:\/\/www.europesays.com\/nl\/wp-json\/wp\/v2\/tags?post=101594"}],"curies":[{"name":"wp","href":"https:\/\/api.w.org\/{rel}","templated":true}]}}