{"id":101625,"date":"2026-01-03T13:47:08","date_gmt":"2026-01-03T13:47:08","guid":{"rendered":"https:\/\/www.europesays.com\/nl\/101625\/"},"modified":"2026-01-03T13:47:08","modified_gmt":"2026-01-03T13:47:08","slug":"overleden-persoon-aangetroffen-in-woning-in-kollum-een-persoon-aangehouden-omrop-fryslan","status":"publish","type":"post","link":"https:\/\/www.europesays.com\/nl\/101625\/","title":{"rendered":"Overleden persoon aangetroffen in woning in Kollum, \u00e9\u00e9n persoon aangehouden &#8211; Omrop Frysl\u00e2n"},"content":{"rendered":"<ol>\n<li><a href=\"https:\/\/news.google.com\/rss\/articles\/CBMivgFBVV95cUxONXZVYmJRemk3d1hNXzdsOTJHcldfeWZLbWdXN3JIVFlJTEpUamNMcHF4dU1Wb3V1SmtOa3FjWlp3TFdMZ1FvWG5ZcUlaM3FlVktDdklDbmdmSjNmR05WOVJyZ1dhdlBfMEV3a1d2eVF0LXlYSjVoYVAwck1Ka0RYVVhNQWFXNFRPenNuOEx6QTRDUzZaYWR3SVNQR0xmamdfWmVXVURiRng4aGN4eW1pOHpJV0Y2amJJb0FsQlNn?oc=5\" target=\"_blank\" rel=\"nofollow noopener\">Overleden persoon aangetroffen in woning in Kollum, \u00e9\u00e9n persoon aangehouden<\/a>&nbsp;&nbsp;Omrop Frysl\u00e2n<\/li>\n<li><a href=\"https:\/\/news.google.com\/rss\/articles\/CBMiswFBVV95cUxOcTJiNGxrd1VoZDBlTVFBemgtNzNyRnFQUTgwd2JYekJ0eUZXaGJPY25OSnJRNG1ITHRRVE9wWHQ4YzFKZlFOVDduRWRqYTBhQWpLWFI3b2dOMElIeEV4QU1XRmFaNmwwYzczLWhuY1ZYejhmQnBGdUNlaVNmcVYwdS1kMHdTa3lyWnZtMkxuT0F6OWI3czd6bWlLaVBjT21XZzFDVFJTRXIxcndMWFpKNVFVRQ?oc=5\" target=\"_blank\" rel=\"nofollow noopener\">\u2019Meisje (8) dood aangetroffen in woning Kollum: moeder aangehouden\u2019<\/a>&nbsp;&nbsp;De Telegraaf<\/li>\n<li><a href=\"https:\/\/news.google.com\/rss\/articles\/CBMiwwFBVV95cUxOQXFlRGJiYnd3ZlpNYnBUMEVXb0pJbHFfY2lqNTBieG9qckdRZXREdTh1T2VzdzM4N0pTVjUzNDUxVUpQVEVTbGQ2SVo5SlFFbmNCRDByZ0tRbmdaYkxGT3JQcF8wOUxJODRvMXE4MVlVSnYxVV8tSXhqUjdtX3RfazJINVNjRFV1UUpZb1FOQ1pQN0tXOVhsbnV2S0daTFFsT1BYNWdVbkJjSjBiSEtPcFNnMFZwcmN1bnRCZ1BWNHpOMlk?oc=5\" target=\"_blank\" rel=\"nofollow noopener\">Overleden persoon gevonden in woning in Kollum, verdachte aangehouden<\/a>&nbsp;&nbsp;AD.nl<\/li>\n<li><a href=\"https:\/\/news.google.com\/rss\/articles\/CBMigAFBVV95cUxNWnBsaXVjZG5zbXR0Mzg1b3pYVEM3akI5ejRaNFBmRjVoVGI5VDVieG9RWTB1T1BUVXRYOUlxT3dnN2FMZzRQa3pfSkNESTBsWnI5eVZLbDVWa01fOVB6dllNbkpZVTF3SjVyV0NoZ3hDcXU2aDFXNVFsbXIzVDhkUw?oc=5\" target=\"_blank\" rel=\"nofollow noopener\">Meisje (8) overleden in Kollum, moeder aangehouden<\/a>&nbsp;&nbsp;Nieuwsuitkollum<\/li>\n<li><a href=\"https:\/\/news.google.com\/rss\/articles\/CBMilAFBVV95cUxQa3dJZ05DZ1JMOHhFbklUUjZOemx0Ym94MWhKS0hsN18tOWg0Y05rN0VWT2cxblRHZUpZQnMtR3loOWpPSGNnOHJRcTNtcWVrcUIzTW5SdHJtVHNHTElKOTg4QUdvMnBpOHMxQm5RcjJvX1hLSWRab0dqU2ZSS1BtV203MG1CU19ibG9rSXN1UThhWk9U?oc=5\" target=\"_blank\" rel=\"nofollow noopener\">Persoon aangehouden na overlijden kind in woning in Kollum<\/a>&nbsp;&nbsp;RTV NOF Nieuws<\/li>\n<\/ol>\n","protected":false},"excerpt":{"rendered":"Overleden persoon aangetroffen in woning in Kollum, \u00e9\u00e9n persoon aangehouden&nbsp;&nbsp;Omrop Frysl\u00e2n \u2019Meisje (8) dood aangetroffen in woning Kollum:&hellip;\n","protected":false},"author":2,"featured_media":101626,"comment_status":"","ping_status":"","sticky":false,"template":"","format":"standard","meta":{"footnotes":""},"categories":[12],"tags":[163,39,40,48,43,44,34,35,41,42,961,46,47,49,45,32,33,50,36,37,38],"class_list":{"0":"post-101625","1":"post","2":"type-post","3":"status-publish","4":"format-standard","5":"has-post-thumbnail","7":"category-nederland","8":"tag-163","9":"tag-breaking-news","10":"tag-breakingnews","11":"tag-dutch","12":"tag-featured-news","13":"tag-featurednews","14":"tag-headlines","15":"tag-hoofdpunten","16":"tag-latest-news","17":"tag-latestnews","18":"tag-liveblog","19":"tag-nederland","20":"tag-nederlanden","21":"tag-nederlands","22":"tag-netherlands","23":"tag-news","24":"tag-nieuws","25":"tag-nl","26":"tag-top-stories","27":"tag-topstories","28":"tag-voorpaginanieuws"},"share_on_mastodon":{"url":"https:\/\/pubeurope.com\/@nl\/115831481457043398","error":""},"_links":{"self":[{"href":"https:\/\/www.europesays.com\/nl\/wp-json\/wp\/v2\/posts\/101625","targetHints":{"allow":["GET"]}}],"collection":[{"href":"https:\/\/www.europesays.com\/nl\/wp-json\/wp\/v2\/posts"}],"about":[{"href":"https:\/\/www.europesays.com\/nl\/wp-json\/wp\/v2\/types\/post"}],"author":[{"embeddable":true,"href":"https:\/\/www.europesays.com\/nl\/wp-json\/wp\/v2\/users\/2"}],"replies":[{"embeddable":true,"href":"https:\/\/www.europesays.com\/nl\/wp-json\/wp\/v2\/comments?post=101625"}],"version-history":[{"count":0,"href":"https:\/\/www.europesays.com\/nl\/wp-json\/wp\/v2\/posts\/101625\/revisions"}],"wp:featuredmedia":[{"embeddable":true,"href":"https:\/\/www.europesays.com\/nl\/wp-json\/wp\/v2\/media\/101626"}],"wp:attachment":[{"href":"https:\/\/www.europesays.com\/nl\/wp-json\/wp\/v2\/media?parent=101625"}],"wp:term":[{"taxonomy":"category","embeddable":true,"href":"https:\/\/www.europesays.com\/nl\/wp-json\/wp\/v2\/categories?post=101625"},{"taxonomy":"post_tag","embeddable":true,"href":"https:\/\/www.europesays.com\/nl\/wp-json\/wp\/v2\/tags?post=101625"}],"curies":[{"name":"wp","href":"https:\/\/api.w.org\/{rel}","templated":true}]}}