{"id":101938,"date":"2026-01-04T00:13:07","date_gmt":"2026-01-04T00:13:07","guid":{"rendered":"https:\/\/www.europesays.com\/nl\/101938\/"},"modified":"2026-01-04T00:13:07","modified_gmt":"2026-01-04T00:13:07","slug":"oranjes-wk-opponent-tunesie-zet-zichzelf-ongelooflijk-voor-schut-op-afrika-cup","status":"publish","type":"post","link":"https:\/\/www.europesays.com\/nl\/101938\/","title":{"rendered":"Oranje\u2019s WK-opponent Tunesi\u00eb zet zichzelf ongelooflijk voor schut op Afrika Cup"},"content":{"rendered":"<p><a href=\"https:\/\/www.fcupdate.nl\/voetbalteams\/internationaal\/tunesie\" rel=\"nofollow noopener\" target=\"_blank\">Tunesi\u00eb<\/a>, tijdens het aankomende WK \u00e9\u00e9n van de drie tegenstanders van het Nederlands elftal op het WK, heeft zich zaterdagavond ongelooflijk geblameerd in de achtste finales van de Afrika Cup. Het Noord-Afrikaanse land kreeg tien man van <a href=\"https:\/\/www.fcupdate.nl\/voetbalteams\/internationaal\/mali\" rel=\"nofollow noopener\" target=\"_blank\">Mali<\/a> in de reguliere speeltijd niet op de knie\u00ebn (1-1) en verloor uiteindelijk in de beslissende strafschoppenserie. <\/p>\n<p>Tunesi\u00eb speelde vanaf de 26ste minuut met een man meer. Woyo Coulibaly dupeerde Mali in de 26ste minuut van de wedstrijd. De verdediger plaatste zijn noppen op de rechterkuit van Hannibal Mejbri en werd met een directe rode kaart van het veld gestuurd.<\/p>\n<p>            Artikel gaat verder onder video<\/p>\n<p>Met een man minder wist Mali de rijen vervolgens zeer behoorlijk gesloten te houden. In de 88ste minuut van de wedstrijd wist Tunesi\u00eb toch nog een opening te vinden in de defensie van de Malinezen. Elias Saad bracht de bal met een handig wippertje in de zestien van Mali, waar Firas Chaouat vervolgens met het achterhoofd wist te scoren: 0-1.<\/p>\n<p>Daarmee leek het lot van Mali beschoren, maar men tien man wist het team van de Belgische bondscoach Tom Saintfiet in de zesde minuut van de blessuretijd toch nog een gelijkmaker te forceren. Invaller Yassine Meriah kreeg de bal ongelukkig op zijn hand, waarna Mali een strafschop mocht nemen. Lassine Sinayoko ontfermde zich over het buitenkansje en sleepte er zo een verlenging uit voor Mali. Daarin hield het tiental stand, waarna de beslissende strafschoppenserie gewonnen werd.<\/p>\n","protected":false},"excerpt":{"rendered":"Tunesi\u00eb, tijdens het aankomende WK \u00e9\u00e9n van de drie tegenstanders van het Nederlands elftal op het WK, heeft&hellip;\n","protected":false},"author":2,"featured_media":101939,"comment_status":"","ping_status":"","sticky":false,"template":"","format":"standard","meta":{"footnotes":""},"categories":[21],"tags":[16820,48,22196,235,1407,46,47,49,45,50,1633,92,91,22194,22195,4433,167,234,1956],"class_list":{"0":"post-101938","1":"post","2":"type-post","3":"status-publish","4":"format-standard","5":"has-post-thumbnail","7":"category-sport","8":"tag-afrika-cup","9":"tag-dutch","10":"tag-hannibal-mejbri","11":"tag-laatste-voetbalnieuws","12":"tag-mali","13":"tag-nederland","14":"tag-nederlanden","15":"tag-nederlands","16":"tag-netherlands","17":"tag-nl","18":"tag-oranje","19":"tag-sport","20":"tag-sports","21":"tag-strafschoppen","22":"tag-tom-saintfiet","23":"tag-tunesie","24":"tag-voetbal","25":"tag-voetbalnieuws","26":"tag-wk"},"share_on_mastodon":{"url":"https:\/\/pubeurope.com\/@nl\/115833942990124072","error":""},"_links":{"self":[{"href":"https:\/\/www.europesays.com\/nl\/wp-json\/wp\/v2\/posts\/101938","targetHints":{"allow":["GET"]}}],"collection":[{"href":"https:\/\/www.europesays.com\/nl\/wp-json\/wp\/v2\/posts"}],"about":[{"href":"https:\/\/www.europesays.com\/nl\/wp-json\/wp\/v2\/types\/post"}],"author":[{"embeddable":true,"href":"https:\/\/www.europesays.com\/nl\/wp-json\/wp\/v2\/users\/2"}],"replies":[{"embeddable":true,"href":"https:\/\/www.europesays.com\/nl\/wp-json\/wp\/v2\/comments?post=101938"}],"version-history":[{"count":0,"href":"https:\/\/www.europesays.com\/nl\/wp-json\/wp\/v2\/posts\/101938\/revisions"}],"wp:featuredmedia":[{"embeddable":true,"href":"https:\/\/www.europesays.com\/nl\/wp-json\/wp\/v2\/media\/101939"}],"wp:attachment":[{"href":"https:\/\/www.europesays.com\/nl\/wp-json\/wp\/v2\/media?parent=101938"}],"wp:term":[{"taxonomy":"category","embeddable":true,"href":"https:\/\/www.europesays.com\/nl\/wp-json\/wp\/v2\/categories?post=101938"},{"taxonomy":"post_tag","embeddable":true,"href":"https:\/\/www.europesays.com\/nl\/wp-json\/wp\/v2\/tags?post=101938"}],"curies":[{"name":"wp","href":"https:\/\/api.w.org\/{rel}","templated":true}]}}