{"id":102362,"date":"2026-01-04T15:23:08","date_gmt":"2026-01-04T15:23:08","guid":{"rendered":"https:\/\/www.europesays.com\/nl\/102362\/"},"modified":"2026-01-04T15:23:08","modified_gmt":"2026-01-04T15:23:08","slug":"echte-dakar-start-krijgt-overwinning-met-beladen-randje","status":"publish","type":"post","link":"https:\/\/www.europesays.com\/nl\/102362\/","title":{"rendered":"\u00c9chte Dakar-start krijgt overwinning met beladen randje"},"content":{"rendered":"<p>Navigator Mathieu Baumel verloor vorig jaar januari zijn been als gevolg van een ernstig verkeersongeval. Desondanks keerde hij dit jaar terug in Dakar, m\u00e9t prothese. Deze zege, een klein jaar na zijn ongeval, zal daarom in meer dan \u00e9\u00e9n opzicht als een overwinning voelen.<\/p>\n<p>Lange tijd was de formatie bovendien onzichtbaar door problemen met het transpondersignaal, maar op de finish werd duidelijk met wat voor een dijk van een etappe het tweetal bezig was.<\/p>\n<p>Op de tweede plaats kwam Dacia-veteraan Nasser Al-Attiyah nog dichtbij op 1 min. 20, terwijl Martin Prokop beslag legde op de derde plaats. Op het moment van schrijven zijn alle Ford-coureurs en Sebastien Loeb binnen de top tien over de streep gekomen.<\/p>\n<p>Update: Tim en Tom Coronel als 51ste (voorlopig) over de streep gekomen, op 53 minuten van snelste man De M\u00e9vius. Janus van Kasteren deed het net ietsje beter met P38 op 43 minuten van de kop.<\/p>\n","protected":false},"excerpt":{"rendered":"Navigator Mathieu Baumel verloor vorig jaar januari zijn been als gevolg van een ernstig verkeersongeval. Desondanks keerde hij&hellip;\n","protected":false},"author":2,"featured_media":102363,"comment_status":"","ping_status":"","sticky":false,"template":"","format":"standard","meta":{"footnotes":""},"categories":[21],"tags":[54,48,51,52,46,47,49,45,50,53,92,91],"class_list":{"0":"post-102362","1":"post","2":"type-post","3":"status-publish","4":"format-standard","5":"has-post-thumbnail","7":"category-sport","8":"tag-autosport","9":"tag-dutch","10":"tag-formule-1","11":"tag-max-verstappen","12":"tag-nederland","13":"tag-nederlanden","14":"tag-nederlands","15":"tag-netherlands","16":"tag-nl","17":"tag-racing","18":"tag-sport","19":"tag-sports"},"share_on_mastodon":{"url":"https:\/\/pubeurope.com\/@nl\/115837521445776673","error":""},"_links":{"self":[{"href":"https:\/\/www.europesays.com\/nl\/wp-json\/wp\/v2\/posts\/102362","targetHints":{"allow":["GET"]}}],"collection":[{"href":"https:\/\/www.europesays.com\/nl\/wp-json\/wp\/v2\/posts"}],"about":[{"href":"https:\/\/www.europesays.com\/nl\/wp-json\/wp\/v2\/types\/post"}],"author":[{"embeddable":true,"href":"https:\/\/www.europesays.com\/nl\/wp-json\/wp\/v2\/users\/2"}],"replies":[{"embeddable":true,"href":"https:\/\/www.europesays.com\/nl\/wp-json\/wp\/v2\/comments?post=102362"}],"version-history":[{"count":0,"href":"https:\/\/www.europesays.com\/nl\/wp-json\/wp\/v2\/posts\/102362\/revisions"}],"wp:featuredmedia":[{"embeddable":true,"href":"https:\/\/www.europesays.com\/nl\/wp-json\/wp\/v2\/media\/102363"}],"wp:attachment":[{"href":"https:\/\/www.europesays.com\/nl\/wp-json\/wp\/v2\/media?parent=102362"}],"wp:term":[{"taxonomy":"category","embeddable":true,"href":"https:\/\/www.europesays.com\/nl\/wp-json\/wp\/v2\/categories?post=102362"},{"taxonomy":"post_tag","embeddable":true,"href":"https:\/\/www.europesays.com\/nl\/wp-json\/wp\/v2\/tags?post=102362"}],"curies":[{"name":"wp","href":"https:\/\/api.w.org\/{rel}","templated":true}]}}