{"id":102372,"date":"2026-01-04T15:37:12","date_gmt":"2026-01-04T15:37:12","guid":{"rendered":"https:\/\/www.europesays.com\/nl\/102372\/"},"modified":"2026-01-04T15:37:12","modified_gmt":"2026-01-04T15:37:12","slug":"grote-transferklap-voor-ajax-van-20-miljoen","status":"publish","type":"post","link":"https:\/\/www.europesays.com\/nl\/102372\/","title":{"rendered":"&#8216;Grote transferklap voor Ajax van 20 miljoen&#8217;"},"content":{"rendered":"<p><a href=\"https:\/\/www.soccernews.nl\/speler\/kenneth-taylor\/\" rel=\"nofollow noopener\" target=\"_blank\">Kenneth Taylor<\/a> lijkt niet naar <a href=\"https:\/\/www.soccernews.nl\/team\/fenerbahce\/\" rel=\"nofollow noopener\" target=\"_blank\">Fenerbah\u00e7e<\/a> te verkassen. De <a href=\"https:\/\/www.soccernews.nl\/team\/ajax\/\" rel=\"nofollow noopener\" target=\"_blank\">Ajax<\/a>-middenvelder werd meerdere malen gelinkt aan een winterse move richting Istanbul, maar de Turkse topclub is nu dicht bij de komst van Matteo Guendouzi.<\/p>\n<p class=\"fw-bold text-primary\">SN Betrouwbaarheidsmeter:<\/p>\n<p>Transfer Kenneth Taylor naar Fenerbah\u00e7e lijkt er niet te komen<\/p>\n<p>Eerst leek Fenerbah\u00e7e per se in te zetten op een Nederlandse aanwinst voor het middenveld. Na mislukte gesprekken met Quinten Timber, leek Joey Veerman de nieuwe nummer acht te worden bij Fener. Daar ging op het laatste moment de stekker uit, waardoor Taylor de laatst overgebleven kandidaat was.<\/p>\n<p>Bij Ajax was men bereid mee te werken aan een transfer van Taylor, die dit seizoen minder uit de verf komt dan in de afgelopen jaargang. De Amsterdammers hoopten met het vertrek van het jeugdproduct zo\u2019n 20 miljoen euro te incasseren, maar nu lijkt ook die move niet door te gaan.<\/p>\n<p>De Turkse journalist Yagiz Sabuncuoglu meldt dat er een mondeling akkoord is tussen Fenerbah\u00e7e en Guendouzi. Mocht de Fransman naar Istanbul vertrekken, lijkt de mogelijke transfer van Taylor van de baan. Lazio moet wel instemmen met de verkoop. Er zou een bedrag van 25 miljoen worden neergelegd in Rome.<\/p>\n<blockquote class=\"twitter-tweet\" data-width=\"550\" data-dnt=\"true\">\n<p lang=\"tr\" dir=\"ltr\">\u00d6ZEL | Fenerbah\u00e7e, Lazio formas\u0131 giyen Matt\u00e9o Guendouzi ile anla\u015fmaya vard\u0131! Fenerbah\u00e7e, Lazio&#8217;ya 25+2 milyon Euro resmi teklif yapt\u0131!<\/p>\n<p>\u2014 Ya\u011f\u0131z Sabuncuo\u011flu (@yagosabuncuoglu) <a href=\"https:\/\/twitter.com\/yagosabuncuoglu\/status\/2007487763512541550?ref_src=twsrc%5Etfw\" rel=\"nofollow noopener\" target=\"_blank\">January 3, 2026<\/a><\/p><\/blockquote>\n<p>        Jammer dit voor Ajax?    <\/p>\n<ul class=\"bc-poll__options gap-4 list-unstyled bc-poll__voted-remove\">\n<li class=\"bc-poll__option fs-8 fw-bold p-2 mb-4 bg-black text-white text-success-hover\" data-bc-option-id=\"1\" data-bc-selected-classes=\"text-success\" data-bc-icon-name-default=\"square-fill\" data-bc-icon-name-selected=\"check-square\" data-bc-icon-name-selected-classes=\"text-success me-2\">\n<p>                                Ja, nu verkopen is het beste            <\/li>\n<li class=\"bc-poll__option fs-8 fw-bold p-2 mb-4 bg-black text-white text-success-hover\" data-bc-option-id=\"2\" data-bc-selected-classes=\"text-success\" data-bc-icon-name-default=\"square-fill\" data-bc-icon-name-selected=\"check-square\" data-bc-icon-name-selected-classes=\"text-success me-2\">\n<p>                                Ik zie hem nog wel opbloeien bij Ajax            <\/li>\n<\/ul>\n<ul class=\"bc-poll__results list-unstyled\">\n<li class=\"bc-poll__result justify-content-between p-4 bg-color-4 d-flex fs-7 p-2 text-white mb-4 bg-light\" data-bc-selected-classes=\"bg-black\">\n<p>                        Ja, nu verkopen is het beste                    <\/p>\n<\/li>\n<li class=\"bc-poll__result justify-content-between p-4 bg-color-4 d-flex fs-7 p-2 text-white mb-4 bg-light\" data-bc-selected-classes=\"bg-black\">\n<p>                        Ik zie hem nog wel opbloeien bij Ajax                    <\/p>\n<\/li>\n<\/ul>\n<p class=\"bc-poll__results-count-wrapper text-white fw-bold\">\n            0 Votes        <\/p>\n<p>            <script async src=\"https:\/\/platform.twitter.com\/widgets.js\" charset=\"utf-8\"><\/script><\/p>\n","protected":false},"excerpt":{"rendered":"Kenneth Taylor lijkt niet naar Fenerbah\u00e7e te verkassen. De Ajax-middenvelder werd meerdere malen gelinkt aan een winterse move&hellip;\n","protected":false},"author":2,"featured_media":102373,"comment_status":"","ping_status":"","sticky":false,"template":"","format":"standard","meta":{"footnotes":""},"categories":[21],"tags":[48,46,47,49,45,50,92,91],"class_list":{"0":"post-102372","1":"post","2":"type-post","3":"status-publish","4":"format-standard","5":"has-post-thumbnail","7":"category-sport","8":"tag-dutch","9":"tag-nederland","10":"tag-nederlanden","11":"tag-nederlands","12":"tag-netherlands","13":"tag-nl","14":"tag-sport","15":"tag-sports"},"share_on_mastodon":{"url":"https:\/\/pubeurope.com\/@nl\/115837576330516133","error":""},"_links":{"self":[{"href":"https:\/\/www.europesays.com\/nl\/wp-json\/wp\/v2\/posts\/102372","targetHints":{"allow":["GET"]}}],"collection":[{"href":"https:\/\/www.europesays.com\/nl\/wp-json\/wp\/v2\/posts"}],"about":[{"href":"https:\/\/www.europesays.com\/nl\/wp-json\/wp\/v2\/types\/post"}],"author":[{"embeddable":true,"href":"https:\/\/www.europesays.com\/nl\/wp-json\/wp\/v2\/users\/2"}],"replies":[{"embeddable":true,"href":"https:\/\/www.europesays.com\/nl\/wp-json\/wp\/v2\/comments?post=102372"}],"version-history":[{"count":0,"href":"https:\/\/www.europesays.com\/nl\/wp-json\/wp\/v2\/posts\/102372\/revisions"}],"wp:featuredmedia":[{"embeddable":true,"href":"https:\/\/www.europesays.com\/nl\/wp-json\/wp\/v2\/media\/102373"}],"wp:attachment":[{"href":"https:\/\/www.europesays.com\/nl\/wp-json\/wp\/v2\/media?parent=102372"}],"wp:term":[{"taxonomy":"category","embeddable":true,"href":"https:\/\/www.europesays.com\/nl\/wp-json\/wp\/v2\/categories?post=102372"},{"taxonomy":"post_tag","embeddable":true,"href":"https:\/\/www.europesays.com\/nl\/wp-json\/wp\/v2\/tags?post=102372"}],"curies":[{"name":"wp","href":"https:\/\/api.w.org\/{rel}","templated":true}]}}